[{"@context":"https:\/\/schema.org\/","@type":"Article","@id":"https:\/\/www.benefita.cz\/zveme-vas-do-kladna-na-retro-ples\/#Article","mainEntityOfPage":"https:\/\/www.benefita.cz\/zveme-vas-do-kladna-na-retro-ples\/","headline":"Zveme v\u00e1s do Kladna na retro ples","name":"Zveme v\u00e1s do Kladna na retro ples","description":"Kdy\u017e se v Kladn\u011b otev\u00edral D\u016fm kultury Na S\u00edtn\u00e9, byla to velk\u00e1 sl\u00e1va, proto\u017ee \u0161lo z architektonick\u00e9ho hlediska o velice vyda\u0159enou stavbu. Kdo z v\u00e1s se domn\u00edv\u00e1, \u017ee za socialismu se u n\u00e1s p\u0159\u00edli\u0161 nestav\u011blo a \u017ee to lid\u00e9 ani neum\u011bli, pak se b\u011b\u017ete pod\u00edvat pr\u00e1v\u011b sem, abyste zjistili, jak p\u0159ekr\u00e1sn\u00e9 a funk\u010dn\u00ed stavby m\u011bli &hellip;<p class=\"read-more\"> <a class=\" thunk-readmore button \" href=\"https:\/\/www.benefita.cz\/zveme-vas-do-kladna-na-retro-ples\/\"> <span class=\"screen-reader-text\">Zveme v\u00e1s do Kladna na retro ples<\/span>Read More<\/a><\/p>","datePublished":"2024-11-27","dateModified":"2024-11-27","author":{"@type":"Person","@id":"https:\/\/www.benefita.cz\/author\/#Person","name":"","url":"https:\/\/www.benefita.cz\/author\/","identifier":1,"image":{"@type":"ImageObject","@id":"https:\/\/secure.gravatar.com\/avatar\/56990d361a15c60249588fcd5c65556d1c39f993ac5e20b5abce42fd817b46e8?s=96&d=mm&r=g","url":"https:\/\/secure.gravatar.com\/avatar\/56990d361a15c60249588fcd5c65556d1c39f993ac5e20b5abce42fd817b46e8?s=96&d=mm&r=g","height":96,"width":96}},"publisher":{"@type":"Organization","name":"benefita.cz","logo":{"@type":"ImageObject","@id":"\/logo.png","url":"\/logo.png","width":600,"height":60}},"image":{"@type":"ImageObject","@id":"https:\/\/www.benefita.cz\/wp-content\/uploads\/bride-4797907_640.jpg","url":"https:\/\/www.benefita.cz\/wp-content\/uploads\/bride-4797907_640.jpg","height":0,"width":0},"url":"https:\/\/www.benefita.cz\/zveme-vas-do-kladna-na-retro-ples\/","about":["N\u00e1kupy"],"wordCount":441,"articleBody":"         Kdy\u017e se v Kladn\u011b otev\u00edral D\u016fm kultury Na S\u00edtn\u00e9, byla to velk\u00e1 sl\u00e1va, proto\u017ee \u0161lo z architektonick\u00e9ho hlediska o velice vyda\u0159enou stavbu. Kdo z v\u00e1s se domn\u00edv\u00e1, \u017ee za socialismu se u n\u00e1s p\u0159\u00edli\u0161 nestav\u011blo a \u017ee to lid\u00e9 ani neum\u011bli, pak se b\u011b\u017ete pod\u00edvat pr\u00e1v\u011b sem, abyste zjistili, jak p\u0159ekr\u00e1sn\u00e9 a funk\u010dn\u00ed stavby m\u011bli ji\u017e tehdy lid\u00e9 k dispozici. Kladensk\u00fd D\u016fm kultury si dokonce vybrali filma\u0159i pro nat\u00e1\u010den\u00ed z\u00e1v\u011bre\u010dn\u00e9ho d\u00edlu seri\u00e1lu Okres na severu a v t\u00e9to dob\u011b se tu tak\u00e9 po\u0159\u00e1dal jeden ples za druh\u00fdm v\u010detn\u011b maturitn\u00edch ples\u016f. Tradice po\u0159\u00e1d\u00e1n\u00ed ples\u016f se v Kladn\u011b udr\u017eela dodnes a na po\u010d\u00e1tku roku 2025 tu prob\u011bhne mnoho plesov\u00fdch akci, kup\u0159\u00edkladu retro ples s hity Michala Davida. M\u00e1te-li z\u00e1jem se jej z\u00fa\u010dastnit, po\u0159i\u010fte si \u0161aty na ples a vyrazte do akce. Plesy v Kladn\u011b v\u017edy m\u00edvaly solidn\u00ed \u00farove\u0148, stoly k posezen\u00ed jsou um\u00edst\u011bn\u00e9 v p\u0159\u00edzem\u00ed i v prvn\u00edm pat\u0159e na ochozu ve tvaru p\u00edsmene L a vyberete-li si \u0161aty v kr\u00e1sn\u00e9 pastelov\u00e9 barv\u011b, m\u016f\u017eete se tu st\u00e1t kr\u00e1lovnou plesu nejen toho retro, ale i jin\u00fdch plesov\u00fdch akc\u00ed. \u0160aty na ples Svatebn\u00ed \u0161aty spole\u010densk\u00e9 plesov\u00e9 si m\u016f\u017eete nechat u\u0161\u00edt na m\u00edru a lze je pozd\u011bji vyu\u017e\u00edvat i pro jin\u00e9 spole\u010densk\u00e9 akce, jako jsou rodinn\u00e9 oslavy, svatby \u010di firemn\u00ed rauty. Plesov\u00e9 \u0161aty na m\u00edru jsou pohodln\u00e9 a velmi atraktivn\u00ed, lze v nich tan\u010dit, proch\u00e1zet se a vychutn\u00e1vat  https:\/\/mevyo.com\/blog\/article\/naucte-se-vychutnavat-si-kazdy-okamzik jakoukoli atmosf\u00e9ru z pozice kr\u00e1sn\u00e9 d\u00edvky, kter\u00e1 na spole\u010densk\u00fdch akc\u00ed m\u016f\u017ee oslovit mnoho mu\u017e\u016f, mimochodem, pr\u00e1v\u011b plesy nebo firemn\u00ed setk\u00e1n\u00ed b\u00fdvaj\u00ed vhodnou p\u0159\u00edle\u017eitost\u00ed k sezn\u00e1men\u00ed a lid\u00e9 se tu mohou bl\u00ed\u017ee poznat jak co se t\u00fd\u010de konverzace, tak i samotn\u00e9ho pohybu na tane\u010dn\u00edm parketu. Na z\u00e1v\u011br bychom v\u00e1m r\u00e1di pop\u0159\u00e1li v\u0161e dobr\u00e9 a p\u0159ipomn\u011bli, \u017ee pr\u00e1v\u011b plesy jsou t\u00edm, co n\u00e1s sbli\u017euje mnohem v\u00edc, ne\u017e soci\u00e1ln\u00ed s\u00edt\u011b a mobiln\u00ed komunikace. A\u017e p\u016fjdete na ples, nechte tentokr\u00e1t mobil doma a m\u011bjte s sebou jen docela oby\u010dejn\u00fd pap\u00edrov\u00fd di\u00e1\u0159. Na p\u0159\u00edpadn\u00e9 pozn\u00e1mky, co se t\u00fd\u010de kontaktu mezi lidmi v\u00e1m zcela posta\u010d\u00ed.                                                                                                                                                                                                                                                                                                                                                                                          3.7\/5 - (7 votes)        "},{"@context":"https:\/\/schema.org\/","@type":"BreadcrumbList","itemListElement":[{"@type":"ListItem","position":1,"name":"Zveme v\u00e1s do Kladna na retro ples","item":"https:\/\/www.benefita.cz\/zveme-vas-do-kladna-na-retro-ples\/#breadcrumbitem"}]}]