[{"@context":"https:\/\/schema.org\/","@type":"Article","@id":"https:\/\/www.benefita.cz\/zeny-milujici-nakupy\/#Article","mainEntityOfPage":"https:\/\/www.benefita.cz\/zeny-milujici-nakupy\/","headline":"\u017deny miluj\u00edc\u00ed n\u00e1kupy","name":"\u017deny miluj\u00edc\u00ed n\u00e1kupy","description":"\u017deny miluj\u00edc\u00ed n\u00e1kupy. Ach, to je t\u00e9ma, kter\u00e9 m\u011b v\u017edycky rozesm\u011bje. Kdy\u017e si tak vzpomenu, jak jsem s kamar\u00e1dkami bloumala po obchodech, bylo to v\u017edycky takov\u00fd mal\u00fd ritu\u00e1l. Nejde jen o to, \u017ee by \u017eena \u0161la a koupila si n\u011bco nov\u00e9ho do \u0161atn\u00edku (i kdy\u017e samoz\u0159ejm\u011b, kdo by tomu odolal!). Je to sp\u00ed\u0161 o tom &hellip;<p class=\"read-more\"> <a class=\" thunk-readmore button \" href=\"https:\/\/www.benefita.cz\/zeny-milujici-nakupy\/\"> <span class=\"screen-reader-text\">\u017deny miluj\u00edc\u00ed n\u00e1kupy<\/span>Read More<\/a><\/p>","datePublished":"2024-06-30","dateModified":"2024-06-30","author":{"@type":"Person","@id":"https:\/\/www.benefita.cz\/author\/#Person","name":"","url":"https:\/\/www.benefita.cz\/author\/","identifier":1,"image":{"@type":"ImageObject","@id":"https:\/\/secure.gravatar.com\/avatar\/56990d361a15c60249588fcd5c65556d1c39f993ac5e20b5abce42fd817b46e8?s=96&d=mm&r=g","url":"https:\/\/secure.gravatar.com\/avatar\/56990d361a15c60249588fcd5c65556d1c39f993ac5e20b5abce42fd817b46e8?s=96&d=mm&r=g","height":96,"width":96}},"publisher":{"@type":"Organization","name":"benefita.cz","logo":{"@type":"ImageObject","@id":"\/logo.png","url":"\/logo.png","width":600,"height":60}},"image":{"@type":"ImageObject","@id":"https:\/\/www.benefita.cz\/wp-content\/uploads\/bed-1979270_960_720_2.jpg","url":"https:\/\/www.benefita.cz\/wp-content\/uploads\/bed-1979270_960_720_2.jpg","height":0,"width":0},"url":"https:\/\/www.benefita.cz\/zeny-milujici-nakupy\/","about":["\u017dena"],"wordCount":454,"articleBody":"\u017deny miluj\u00edc\u00ed n\u00e1kupy. Ach, to je t\u00e9ma, kter\u00e9 m\u011b v\u017edycky rozesm\u011bje. Kdy\u017e si tak vzpomenu, jak jsem s kamar\u00e1dkami bloumala po obchodech, bylo to v\u017edycky takov\u00fd mal\u00fd ritu\u00e1l. Nejde jen o to, \u017ee by \u017eena \u0161la a koupila si n\u011bco nov\u00e9ho do \u0161atn\u00edku (i kdy\u017e samoz\u0159ejm\u011b, kdo by tomu odolal!). Je to sp\u00ed\u0161 o tom z\u00e1\u017eitku, kter\u00fd s n\u00e1kupy souvis\u00ed. Jak si vychutn\u00e1vat proch\u00e1zky po obchodech, zkou\u0161et nov\u00e9 v\u011bci, hledat kousky, kter\u00e9 se budou hodit k na\u0161im osobnostem, a samoz\u0159ejm\u011b se u toho sm\u00e1t a bavit.N\u00e1kupy toti\u017e nejsou jen o tom m\u00edt plnou sk\u0159\u00ed\u0148 v\u011bc\u00ed, ale je to i o pocitu, \u017ee si d\u00e1v\u00e1me n\u011bco pro sebe. V\u017edycky, kdy\u017e najdu kousek, kter\u00fd mi padne jako ulit\u00fd, m\u00e1m pocit v\u00edt\u011bzstv\u00ed. A kdo \u0159\u00edk\u00e1, \u017ee nakupov\u00e1n\u00ed nen\u00ed vlastn\u011b mal\u00e1 forma sebep\u00e9\u010de? Je to jako takov\u00e1 mal\u00e1 odm\u011bna za v\u0161e, co ka\u017ed\u00fd den d\u011bl\u00e1me. Jasn\u011b, je to n\u011bjak\u00fd druh &#8222;povolen\u00ed&#8220; si ud\u011blat radost, ale co na tom? \u017divot je kr\u00e1tk\u00fd, tak pro\u010d neud\u011blat n\u011bco, co n\u00e1s bav\u00ed a co n\u00e1m p\u0159in\u00e1\u0161\u00ed \u0161t\u011bst\u00ed?A kdy\u017e u\u017e mluv\u00edme o t\u011bch z\u00e1\u017eitc\u00edch, jak \u00fa\u017easn\u00e9 je j\u00edt s kamar\u00e1dkami na n\u00e1kupy a proch\u00e1zet spolu obchody? Nejen \u017ee si vyzkou\u0161\u00edte kousky, kter\u00e9 by v\u00e1s mo\u017en\u00e1 ani nenapadly, ale tak\u00e9 se p\u0159i tom vz\u00e1jemn\u011b podporujete, d\u00e1v\u00e1te si up\u0159\u00edmn\u00e9 rady a t\u0159eba i tro\u0161ku t\u00e9 legrace. Mo\u017en\u00e1 je to n\u011bco jako mal\u00e1 v\u00fdprava, kter\u00e1 n\u00e1s spojuje a d\u00e1v\u00e1 n\u00e1m prostor pro relax.Mimochodem, miluju, kdy\u017e najdu skv\u011bl\u00fd kousek ve slev\u011b. Ten pocit, kdy najdete n\u011bco \u00fa\u017easn\u00e9ho za v\u00fdhodnou cenu, je pro m\u011b n\u011bco jako mal\u00fd poklad. A kdo by se nezasm\u00e1l, kdy\u017e zjist\u00ed, \u017ee ten kousek je je\u0161t\u011b na dal\u0161\u00ed slev\u011b nebo \u017ee m\u00e1 n\u011bco nav\u00edc? O tom jsou tyhle mal\u00e9 &#8222;n\u00e1kupn\u00ed dobrodru\u017estv\u00ed&#8220;.\u00a0Ale p\u0159iznejme si to \u2013 n\u00e1kupy nejsou jen o tom, co si odneseme dom\u016f. Jde o ten proces, to hled\u00e1n\u00ed, to rozhodov\u00e1n\u00ed, ta chv\u00edle, kdy si \u0159\u00edk\u00e1me: &#8222;Tohle je p\u0159esn\u011b to, co jsem pot\u0159ebovala.&#8220; N\u00e1kupy nejsou jen o materi\u00e1ln\u00edch v\u011bcech, ale o emoc\u00edch, kter\u00e9 n\u00e1m p\u0159in\u00e1\u0161ej\u00ed. Jde o to, \u017ee si ud\u011bl\u00e1me \u010das pro sebe, c\u00edt\u00edme se dob\u0159e a d\u00e1v\u00e1me si prostor k radosti.                                                                                                                                                                                                                                                                                                                                                                                        4.2\/5 - (17 votes)        "},{"@context":"https:\/\/schema.org\/","@type":"BreadcrumbList","itemListElement":[{"@type":"ListItem","position":1,"name":"\u017deny miluj\u00edc\u00ed n\u00e1kupy","item":"https:\/\/www.benefita.cz\/zeny-milujici-nakupy\/#breadcrumbitem"}]}]