[{"@context":"https:\/\/schema.org\/","@type":"Article","@id":"https:\/\/www.benefita.cz\/uprava-kterou-musite-mit\/#Article","mainEntityOfPage":"https:\/\/www.benefita.cz\/uprava-kterou-musite-mit\/","headline":"\u00daprava, kterou mus\u00edte m\u00edt","name":"\u00daprava, kterou mus\u00edte m\u00edt","description":"Kdy\u017e sv\u00edt\u00ed slunce a vy jste se sv\u00fdm vozidlem na cest\u011b, jist\u011b v\u00e1s obt\u011b\u017euje pr\u00e1v\u011b slunce, kter\u00e9 um\u00ed b\u00fdt po\u0159\u00e1dn\u011b nep\u0159\u00edjemn\u00e9. Um\u00ed m\u00edt nep\u0159\u00edjemn\u00e9 nejenom p\u0159i j\u00edzd\u011b, ale i p\u0159i samotn\u00e9m st\u00e1n\u00ed vozidla, kdy\u017e se v\u00e1m do auta nahrne obrovsk\u00e9 horko, kter\u00e9 lze vypudit ven a\u017e klimatizac\u00ed. Pokud ji\u017e nechcete m\u00edt s t\u00edmto probl\u00e9mem starosti, &hellip;<p class=\"read-more\"> <a class=\" thunk-readmore button \" href=\"https:\/\/www.benefita.cz\/uprava-kterou-musite-mit\/\"> <span class=\"screen-reader-text\">\u00daprava, kterou mus\u00edte m\u00edt<\/span>Read More<\/a><\/p>","datePublished":"2023-05-31","dateModified":"2024-06-04","author":{"@type":"Person","@id":"https:\/\/www.benefita.cz\/author\/#Person","name":"","url":"https:\/\/www.benefita.cz\/author\/","identifier":1,"image":{"@type":"ImageObject","@id":"https:\/\/secure.gravatar.com\/avatar\/56990d361a15c60249588fcd5c65556d1c39f993ac5e20b5abce42fd817b46e8?s=96&d=mm&r=g","url":"https:\/\/secure.gravatar.com\/avatar\/56990d361a15c60249588fcd5c65556d1c39f993ac5e20b5abce42fd817b46e8?s=96&d=mm&r=g","height":96,"width":96}},"publisher":{"@type":"Organization","name":"benefita.cz","logo":{"@type":"ImageObject","@id":"\/logo.png","url":"\/logo.png","width":600,"height":60}},"url":"https:\/\/www.benefita.cz\/uprava-kterou-musite-mit\/","wordCount":251,"articleBody":"Kdy\u017e sv\u00edt\u00ed slunce a vy jste se sv\u00fdm vozidlem na cest\u011b, jist\u011b v\u00e1s obt\u011b\u017euje pr\u00e1v\u011b slunce, kter\u00e9 um\u00ed b\u00fdt po\u0159\u00e1dn\u011b nep\u0159\u00edjemn\u00e9. Um\u00ed m\u00edt nep\u0159\u00edjemn\u00e9 nejenom p\u0159i j\u00edzd\u011b, ale i p\u0159i samotn\u00e9m st\u00e1n\u00ed vozidla, kdy\u017e se v\u00e1m do auta nahrne obrovsk\u00e9 horko, kter\u00e9 lze vypudit ven a\u017e klimatizac\u00ed. Pokud ji\u017e nechcete m\u00edt s t\u00edmto probl\u00e9mem starosti, m\u016f\u017eete si b\u00fdt jisti, \u017ee p\u0159esn\u011b na tyto probl\u00e9my pom\u016f\u017ee t\u00f3nov\u00e1n\u00ed autoskel Brno, co\u017e je vynikaj\u00edc\u00ed \u00faprava pro v\u0161echny. Zkuste to i vy a nebudete litovat, a to hlavn\u011b d\u00edky dal\u0161\u00edm v\u00fdhod\u00e1m, kter\u00e9 u t\u00e9to modifikace najdete.V\u00edce, ne\u017e si m\u016f\u017eete p\u0159\u00e1tT\u00f3nov\u00e1n\u00ed skel nen\u00ed v\u00fdsadou jen lid\u00ed, kte\u0159\u00ed cht\u011bj\u00ed sv\u016fj v\u016fz n\u011bjak\u00fdm zp\u016fsobem zkr\u00e1\u0161lit. V dne\u0161n\u00ed dob\u011b jde hlavn\u011b o praktick\u00e9 v\u00fdhody, kter\u00e9 najdete pr\u00e1v\u011b zde. Ud\u011blejte si radost kvalitn\u00ed zm\u011bnou va\u0161ich oken, kter\u00e1 se projev\u00ed hned p\u0159i prvn\u00ed j\u00edzd\u011b. Budete nad\u0161eni a va\u0161e pot\u011b\u0161en\u00ed z j\u00edzdy se n\u011bkolikr\u00e1t zn\u00e1sob\u00ed. Ka\u017ed\u00fd to m\u016f\u017ee vyzkou\u0161et, a to i d\u00edky n\u00edzk\u00fdm cen\u00e1m, kter\u00e9 v t\u00e9to oblasti najdete. Jist\u011b se to vyplat\u00ed jak pro star\u0161\u00ed, tak pro nov\u011bj\u0161\u00ed vozy, kter\u00e9 cht\u011bj\u00ed jejich majitel\u00e9 zlep\u0161it.                                                                                                                                                                                                                                                                                                                                                                                        4.2\/5 - (6 votes)        "},{"@context":"https:\/\/schema.org\/","@type":"BreadcrumbList","itemListElement":[{"@type":"ListItem","position":1,"name":"\u00daprava, kterou mus\u00edte m\u00edt","item":"https:\/\/www.benefita.cz\/uprava-kterou-musite-mit\/#breadcrumbitem"}]}]