[{"@context":"https:\/\/schema.org\/","@type":"Article","@id":"https:\/\/www.benefita.cz\/uklid-je-zaklad\/#Article","mainEntityOfPage":"https:\/\/www.benefita.cz\/uklid-je-zaklad\/","headline":"\u00daklid je z\u00e1klad","name":"\u00daklid je z\u00e1klad","description":"U\u017e jste n\u011bkdy \u0159e\u0161ili nepo\u0159\u00e1dek doma? J\u00e1 si mysl\u00edm, \u017ee ka\u017ed\u00fd n\u011bkdy doma nepo\u0159\u00e1dek \u0159e\u0161\u00ed. Ob\u010das mi stra\u0161n\u011b moc vad\u00ed, jak\u00fd m\u00e1m ob\u010das doma nepo\u0159\u00e1dek. No a tenhle probl\u00e9m jsem \u0159e\u0161ila docela dlouhou dobu. A potom jsem p\u0159i\u0161la na to, \u017ee se t\u00edmhle probl\u00e9mem v\u016fbec tr\u00e1pit nemus\u00edm, proto\u017ee i na ten samoz\u0159ejm\u011b existuje \u0159e\u0161en\u00ed, a &hellip;<p class=\"read-more\"> <a class=\" thunk-readmore button \" href=\"https:\/\/www.benefita.cz\/uklid-je-zaklad\/\"> <span class=\"screen-reader-text\">\u00daklid je z\u00e1klad<\/span>Read More<\/a><\/p>","datePublished":"2024-08-16","dateModified":"2024-08-16","author":{"@type":"Person","@id":"https:\/\/www.benefita.cz\/author\/#Person","name":"","url":"https:\/\/www.benefita.cz\/author\/","identifier":1,"image":{"@type":"ImageObject","@id":"https:\/\/secure.gravatar.com\/avatar\/56990d361a15c60249588fcd5c65556d1c39f993ac5e20b5abce42fd817b46e8?s=96&d=mm&r=g","url":"https:\/\/secure.gravatar.com\/avatar\/56990d361a15c60249588fcd5c65556d1c39f993ac5e20b5abce42fd817b46e8?s=96&d=mm&r=g","height":96,"width":96}},"publisher":{"@type":"Organization","name":"benefita.cz","logo":{"@type":"ImageObject","@id":"\/logo.png","url":"\/logo.png","width":600,"height":60}},"image":{"@type":"ImageObject","@id":"https:\/\/www.benefita.cz\/wp-content\/uploads\/%C3%BAklid_7.jpg","url":"https:\/\/www.benefita.cz\/wp-content\/uploads\/%C3%BAklid_7.jpg","height":0,"width":0},"url":"https:\/\/www.benefita.cz\/uklid-je-zaklad\/","about":["Spole\u010dnosti"],"wordCount":442,"articleBody":"   U\u017e jste n\u011bkdy \u0159e\u0161ili nepo\u0159\u00e1dek doma? J\u00e1 si mysl\u00edm, \u017ee ka\u017ed\u00fd n\u011bkdy doma nepo\u0159\u00e1dek \u0159e\u0161\u00ed. Ob\u010das mi stra\u0161n\u011b moc vad\u00ed, jak\u00fd m\u00e1m ob\u010das doma nepo\u0159\u00e1dek. No a tenhle probl\u00e9m jsem \u0159e\u0161ila docela dlouhou dobu. A potom jsem p\u0159i\u0161la na to, \u017ee se t\u00edmhle probl\u00e9mem v\u016fbec tr\u00e1pit nemus\u00edm, proto\u017ee i na ten samoz\u0159ejm\u011b existuje \u0159e\u0161en\u00ed, a to v podob\u011b \u00faklidov\u00e9 firmy ostrava https:\/\/tnuklid.cz\/ostrava-a-okoli\/. J\u00e1 jsem ten typ \u010dlov\u011bka, kter\u00fd nijak moc ne\u0159e\u0161il to, abych si odpo\u010dinula. V posledn\u00ed dob\u011b jsem byla v pracovn\u00edm z\u00e1p\u0159ahu a hned jak jsem se vr\u00e1tila z pr\u00e1ce, tak jsem mohla d\u011blat gener\u00e1ln\u00ed \u00faklid. No jo, jen\u017ee potom jsem vlastn\u011b p\u0159i\u0161la na to, \u017ee to ob\u010das d\u011blat nemus\u00edm, a \u017ee si mohu i trochu odpo\u010dinout. Odpo\u010dinek je stra\u0161n\u011b d\u016fle\u017eit\u00fd a j\u00e1 jsem si to neuv\u011bdomovala a p\u0159i\u0161la jsem na to a\u017e p\u0159ed n\u011bjakou dobou. A je dob\u0159e, \u017ee jsem na to p\u0159i\u0161la. Kdy\u017e v\u00edm, \u017ee nest\u00edh\u00e1m a \u017ee t\u0159eba ten, nebo ten den nestihnu po\u0159\u00e1dn\u011b uklidit, tak si norm\u00e1ln\u011b zavol\u00e1m ukl\u00edzec\u00ed firmu, kter\u00e1 mi precizn\u011b uklid\u00ed a je po probl\u00e9mu, za co\u017e jsem hrozn\u011b moc r\u00e1da a jsou to asi nejl\u00e9pe investovan\u00e9 pen\u00edze, jak mohou b\u00fdt. V\u017edycky jsem utr\u00e1cela pen\u00edze za blbosti, ale te\u010f u\u017e jsem se je nau\u010dila investovat do rozumn\u00fdch v\u011bc\u00ed, kter\u00e9 mi jakoby daj\u00ed voln\u00fd \u010das nav\u00edc. Spousta lid\u00ed by mi zase \u0159ekla, \u017ee je to blbost, ale tak ka\u017ed\u00fd na to m\u00e1 n\u011bjak\u00fd jin\u00fd n\u00e1zor. J\u00e1 si mysl\u00edm, \u017ee je to rozumn\u00e1 v\u011bc a dod\u00e1 v\u00e1m s\u00edlu, proto\u017ee v ur\u010dit\u00e9 dny, kter\u00e9 budete cht\u00edt, nebudete muset \u0159e\u0161it jenom \u00faklid. J\u00e1 jsem si t\u0159eba b\u011bhem dne, kdy jsem m\u011bla volno a nemusela jsem ukl\u00edzet, za\u0161la do wellness a m\u011bla jsem odpo\u010dinkov\u00fd den, kter\u00fd jsem smyslupln\u011b vyu\u017eila a po dlouh\u00e9 dob\u011b jsem se c\u00edtila odpo\u010dat\u011b. Tak\u017ee vid\u00edte, \u017ee i takhle se daj\u00ed vyu\u017e\u00edt benefity ukl\u00edzec\u00edch firem. Pokud taky tak neradi ukl\u00edz\u00edte jako j\u00e1, tak si zkuste tuhle ukl\u00edzec\u00ed firmu objednat a uvid\u00edte, \u017ee budete m\u00edt z jej\u00edch v\u00fdsledk\u016f stejnou radost, jako jsem m\u011bla j\u00e1.                                                                                                                                                                                                                                                                                                                                                                                           4.4\/5 - (5 votes)        "},{"@context":"https:\/\/schema.org\/","@type":"BreadcrumbList","itemListElement":[{"@type":"ListItem","position":1,"name":"\u00daklid je z\u00e1klad","item":"https:\/\/www.benefita.cz\/uklid-je-zaklad\/#breadcrumbitem"}]}]