[{"@context":"https:\/\/schema.org\/","@type":"Article","@id":"https:\/\/www.benefita.cz\/ucetnictvi\/#Article","mainEntityOfPage":"https:\/\/www.benefita.cz\/ucetnictvi\/","headline":"\u00da\u010detnictv\u00ed","name":"\u00da\u010detnictv\u00ed","description":"M\u00e1te z\u00e1jem, aby se o Va\u0161e \u00fa\u010detnictv\u00ed staral n\u011bkdo kvalifikovan\u00fd, ov\u0161em za p\u0159ijatelnou cenu? Pak tedy nav\u0161tivte na\u0161\u00ed firmu \u010di na\u0161e internetov\u00e9 str\u00e1nky, kde m\u016f\u017eete naj\u00edt katalog na\u0161ich pestr\u00fdch slu\u017eeb, pop\u0159\u00edpad\u011b kontakt na n\u00e1s. Na\u0161e firma Alfa \u00da\u010detn\u00ed s.r.o. Byla zalo\u017eena v roce 1995 a od t\u00e9 doby se u n\u00e1s vyst\u0159\u00eddala spousta spokojen\u00fdch klient\u016f. &hellip;<p class=\"read-more\"> <a class=\" thunk-readmore button \" href=\"https:\/\/www.benefita.cz\/ucetnictvi\/\"> <span class=\"screen-reader-text\">\u00da\u010detnictv\u00ed<\/span>Read More<\/a><\/p>","datePublished":"2025-03-09","dateModified":"2025-03-09","author":{"@type":"Person","@id":"https:\/\/www.benefita.cz\/author\/#Person","name":"","url":"https:\/\/www.benefita.cz\/author\/","identifier":1,"image":{"@type":"ImageObject","@id":"https:\/\/secure.gravatar.com\/avatar\/56990d361a15c60249588fcd5c65556d1c39f993ac5e20b5abce42fd817b46e8?s=96&d=mm&r=g","url":"https:\/\/secure.gravatar.com\/avatar\/56990d361a15c60249588fcd5c65556d1c39f993ac5e20b5abce42fd817b46e8?s=96&d=mm&r=g","height":96,"width":96}},"publisher":{"@type":"Organization","name":"benefita.cz","logo":{"@type":"ImageObject","@id":"\/logo.png","url":"\/logo.png","width":600,"height":60}},"url":"https:\/\/www.benefita.cz\/ucetnictvi\/","wordCount":170,"articleBody":"M\u00e1te z\u00e1jem, aby se o Va\u0161e \u00fa\u010detnictv\u00ed staral n\u011bkdo kvalifikovan\u00fd, ov\u0161em za p\u0159ijatelnou cenu? Pak tedy nav\u0161tivte na\u0161\u00ed firmu \u010di na\u0161e internetov\u00e9 str\u00e1nky, kde m\u016f\u017eete naj\u00edt katalog na\u0161ich pestr\u00fdch slu\u017eeb, pop\u0159\u00edpad\u011b kontakt na n\u00e1s. Na\u0161e firma Alfa \u00da\u010detn\u00ed s.r.o. Byla zalo\u017eena v roce 1995 a od t\u00e9 doby se u n\u00e1s vyst\u0159\u00eddala spousta spokojen\u00fdch klient\u016f.Veden\u00ed \u00fa\u010detnictv\u00ed, da\u0148ov\u00e1 evidence \u010di da\u0148ov\u00e9 poradenstv\u00ed. To je jen mal\u00fd v\u00fd\u010det slu\u017eeb, kter\u00e9 jsme schopni V\u00e1m nab\u00eddnout. Na rozd\u00edl o konkuren\u010dn\u00edch firem dok\u00e1\u017eeme na\u0161im klient\u016fm poskytnout na z\u00e1klad\u011b relevantn\u00edch \u00fadaj\u016f rady, kter\u00e9 jim mohou domoci k efektivn\u011bj\u0161\u00edmu \u0159\u00edzen\u00ed jejich podniku. Ke v\u0161em sv\u00fdm klient\u016fm p\u0159istupujeme v\u017edy individu\u00e1ln\u011b.Katalog slu\u017eebV na\u0161em katalogu slu\u017eeb nenajdete pouze veden\u00ed \u00fa\u010detnictv\u00ed, ale tak\u00e9 personalistick\u00e9, mzdov\u00e9 a da\u0148ov\u00e9 poradenstv\u00ed.                                                                                                                                                                                                                                                                                                                                                                                        4.5\/5 - (2 votes)        "},{"@context":"https:\/\/schema.org\/","@type":"BreadcrumbList","itemListElement":[{"@type":"ListItem","position":1,"name":"\u00da\u010detnictv\u00ed","item":"https:\/\/www.benefita.cz\/ucetnictvi\/#breadcrumbitem"}]}]