{"@context":"https:\/\/schema.org\/","@type":"CollectionPage","@id":"https:\/\/www.benefita.cz\/spolecnosti\/#CollectionPage","headline":"Spole\u010dnosti Category","description":"","url":"https:\/\/www.benefita.cz\/spolecnosti\/","hasPart":[{"@type":"Article","@id":"https:\/\/www.benefita.cz\/i-persky-koberec-potrebuje-vycistit\/","headline":"I persk\u00fd koberec pot\u0159ebuje vy\u010distit","url":"https:\/\/www.benefita.cz\/i-persky-koberec-potrebuje-vycistit\/","datePublished":"2024-08-11","dateModified":"2024-08-11","mainEntityOfPage":"https:\/\/www.benefita.cz\/i-persky-koberec-potrebuje-vycistit\/","author":{"@type":"Person","@id":"https:\/\/www.benefita.cz\/author\/#Person","name":"","url":"https:\/\/www.benefita.cz\/author\/","identifier":1,"image":{"@type":"ImageObject","@id":"https:\/\/secure.gravatar.com\/avatar\/56990d361a15c60249588fcd5c65556d1c39f993ac5e20b5abce42fd817b46e8?s=96&d=mm&r=g","url":"https:\/\/secure.gravatar.com\/avatar\/56990d361a15c60249588fcd5c65556d1c39f993ac5e20b5abce42fd817b46e8?s=96&d=mm&r=g","height":96,"width":96}},"publisher":{"@type":"Organization","name":"benefita.cz","logo":{"@type":"ImageObject","@id":"\/logo.png","url":"\/logo.png","width":600,"height":60}},"image":{"@type":"ImageObject","@id":"https:\/\/www.benefita.cz\/wp-content\/uploads\/carpet-2458558_640_8.jpg","url":"https:\/\/www.benefita.cz\/wp-content\/uploads\/carpet-2458558_640_8.jpg","height":0,"width":0},"keywords":null},{"@type":"Article","@id":"https:\/\/www.benefita.cz\/rok-v-chorvatsku\/","headline":"Rok v Chorvatsku","url":"https:\/\/www.benefita.cz\/rok-v-chorvatsku\/","datePublished":"2024-08-05","dateModified":"2024-08-05","mainEntityOfPage":"https:\/\/www.benefita.cz\/rok-v-chorvatsku\/","author":{"@type":"Person","@id":"https:\/\/www.benefita.cz\/author\/#Person","name":"","url":"https:\/\/www.benefita.cz\/author\/","identifier":1,"image":{"@type":"ImageObject","@id":"https:\/\/secure.gravatar.com\/avatar\/56990d361a15c60249588fcd5c65556d1c39f993ac5e20b5abce42fd817b46e8?s=96&d=mm&r=g","url":"https:\/\/secure.gravatar.com\/avatar\/56990d361a15c60249588fcd5c65556d1c39f993ac5e20b5abce42fd817b46e8?s=96&d=mm&r=g","height":96,"width":96}},"publisher":{"@type":"Organization","name":"benefita.cz","logo":{"@type":"ImageObject","@id":"\/logo.png","url":"\/logo.png","width":600,"height":60}},"image":{"@type":"ImageObject","@id":"https:\/\/www.benefita.cz\/wp-content\/uploads\/croatia-351850_640.jpg","url":"https:\/\/www.benefita.cz\/wp-content\/uploads\/croatia-351850_640.jpg","height":0,"width":0},"keywords":null},{"@type":"Article","@id":"https:\/\/www.benefita.cz\/jak-vychazi-vase-svj-s-jeho-predsedou\/","headline":"Jak vych\u00e1z\u00ed va\u0161e SVJ s jeho p\u0159edsedou","url":"https:\/\/www.benefita.cz\/jak-vychazi-vase-svj-s-jeho-predsedou\/","datePublished":"2024-07-27","dateModified":"2024-07-27","mainEntityOfPage":"https:\/\/www.benefita.cz\/jak-vychazi-vase-svj-s-jeho-predsedou\/","author":{"@type":"Person","@id":"https:\/\/www.benefita.cz\/author\/#Person","name":"","url":"https:\/\/www.benefita.cz\/author\/","identifier":1,"image":{"@type":"ImageObject","@id":"https:\/\/secure.gravatar.com\/avatar\/56990d361a15c60249588fcd5c65556d1c39f993ac5e20b5abce42fd817b46e8?s=96&d=mm&r=g","url":"https:\/\/secure.gravatar.com\/avatar\/56990d361a15c60249588fcd5c65556d1c39f993ac5e20b5abce42fd817b46e8?s=96&d=mm&r=g","height":96,"width":96}},"publisher":{"@type":"Organization","name":"benefita.cz","logo":{"@type":"ImageObject","@id":"\/logo.png","url":"\/logo.png","width":600,"height":60}},"image":{"@type":"ImageObject","@id":"https:\/\/www.benefita.cz\/wp-content\/uploads\/helsinki-1342989_640_3.jpg","url":"https:\/\/www.benefita.cz\/wp-content\/uploads\/helsinki-1342989_640_3.jpg","height":0,"width":0},"keywords":null},{"@type":"Article","@id":"https:\/\/www.benefita.cz\/internetove-spojeni\/","headline":"Internetov\u00e9 spojen\u00ed","url":"https:\/\/www.benefita.cz\/internetove-spojeni\/","datePublished":"2024-06-25","dateModified":"2024-06-26","mainEntityOfPage":"https:\/\/www.benefita.cz\/internetove-spojeni\/","author":{"@type":"Person","@id":"https:\/\/www.benefita.cz\/author\/#Person","name":"","url":"https:\/\/www.benefita.cz\/author\/","identifier":1,"image":{"@type":"ImageObject","@id":"https:\/\/secure.gravatar.com\/avatar\/56990d361a15c60249588fcd5c65556d1c39f993ac5e20b5abce42fd817b46e8?s=96&d=mm&r=g","url":"https:\/\/secure.gravatar.com\/avatar\/56990d361a15c60249588fcd5c65556d1c39f993ac5e20b5abce42fd817b46e8?s=96&d=mm&r=g","height":96,"width":96}},"publisher":{"@type":"Organization","name":"benefita.cz","logo":{"@type":"ImageObject","@id":"\/logo.png","url":"\/logo.png","width":600,"height":60}},"image":{"@type":"ImageObject","@id":"https:\/\/www.benefita.cz\/wp-content\/uploads\/business-7304257_640_2.jpg","url":"https:\/\/www.benefita.cz\/wp-content\/uploads\/business-7304257_640_2.jpg","height":0,"width":0},"keywords":null},{"@type":"Article","@id":"https:\/\/www.benefita.cz\/stan-na-oslave\/","headline":"Stan na oslav\u011b","url":"https:\/\/www.benefita.cz\/stan-na-oslave\/","datePublished":"2024-06-12","dateModified":"2024-06-12","mainEntityOfPage":"https:\/\/www.benefita.cz\/stan-na-oslave\/","author":{"@type":"Person","@id":"https:\/\/www.benefita.cz\/author\/#Person","name":"","url":"https:\/\/www.benefita.cz\/author\/","identifier":1,"image":{"@type":"ImageObject","@id":"https:\/\/secure.gravatar.com\/avatar\/56990d361a15c60249588fcd5c65556d1c39f993ac5e20b5abce42fd817b46e8?s=96&d=mm&r=g","url":"https:\/\/secure.gravatar.com\/avatar\/56990d361a15c60249588fcd5c65556d1c39f993ac5e20b5abce42fd817b46e8?s=96&d=mm&r=g","height":96,"width":96}},"publisher":{"@type":"Organization","name":"benefita.cz","logo":{"@type":"ImageObject","@id":"\/logo.png","url":"\/logo.png","width":600,"height":60}},"image":{"@type":"ImageObject","@id":"https:\/\/www.benefita.cz\/wp-content\/uploads\/tents-5983161_960_720.jpg","url":"https:\/\/www.benefita.cz\/wp-content\/uploads\/tents-5983161_960_720.jpg","height":0,"width":0},"keywords":null},{"@type":"Article","@id":"https:\/\/www.benefita.cz\/bez-leseni-se-u-zateplovani-fasady-neobejdete\/","headline":"Bez le\u0161en\u00ed se u zateplov\u00e1n\u00ed fas\u00e1dy neobejdete","url":"https:\/\/www.benefita.cz\/bez-leseni-se-u-zateplovani-fasady-neobejdete\/","datePublished":"2024-06-10","dateModified":"2024-06-10","mainEntityOfPage":"https:\/\/www.benefita.cz\/bez-leseni-se-u-zateplovani-fasady-neobejdete\/","author":{"@type":"Person","@id":"https:\/\/www.benefita.cz\/author\/#Person","name":"","url":"https:\/\/www.benefita.cz\/author\/","identifier":1,"image":{"@type":"ImageObject","@id":"https:\/\/secure.gravatar.com\/avatar\/56990d361a15c60249588fcd5c65556d1c39f993ac5e20b5abce42fd817b46e8?s=96&d=mm&r=g","url":"https:\/\/secure.gravatar.com\/avatar\/56990d361a15c60249588fcd5c65556d1c39f993ac5e20b5abce42fd817b46e8?s=96&d=mm&r=g","height":96,"width":96}},"publisher":{"@type":"Organization","name":"benefita.cz","logo":{"@type":"ImageObject","@id":"\/logo.png","url":"\/logo.png","width":600,"height":60}},"image":{"@type":"ImageObject","@id":"https:\/\/www.benefita.cz\/wp-content\/uploads\/architecture-2300341_640_3.jpg","url":"https:\/\/www.benefita.cz\/wp-content\/uploads\/architecture-2300341_640_3.jpg","height":0,"width":0},"keywords":null},{"@type":"Article","@id":"https:\/\/www.benefita.cz\/kdy-muze-byt-firme-reklamni-agentura-uherske-hradiste-prospesna\/","headline":"Kdy m\u016f\u017ee b\u00fdt firm\u011b reklamn\u00ed agentura Uhersk\u00e9 Hradi\u0161t\u011b prosp\u011b\u0161n\u00e1","url":"https:\/\/www.benefita.cz\/kdy-muze-byt-firme-reklamni-agentura-uherske-hradiste-prospesna\/","datePublished":"2024-06-08","dateModified":"2024-07-08","mainEntityOfPage":"https:\/\/www.benefita.cz\/kdy-muze-byt-firme-reklamni-agentura-uherske-hradiste-prospesna\/","author":{"@type":"Person","@id":"https:\/\/www.benefita.cz\/author\/#Person","name":"","url":"https:\/\/www.benefita.cz\/author\/","identifier":1,"image":{"@type":"ImageObject","@id":"https:\/\/secure.gravatar.com\/avatar\/56990d361a15c60249588fcd5c65556d1c39f993ac5e20b5abce42fd817b46e8?s=96&d=mm&r=g","url":"https:\/\/secure.gravatar.com\/avatar\/56990d361a15c60249588fcd5c65556d1c39f993ac5e20b5abce42fd817b46e8?s=96&d=mm&r=g","height":96,"width":96}},"publisher":{"@type":"Organization","name":"benefita.cz","logo":{"@type":"ImageObject","@id":"\/logo.png","url":"\/logo.png","width":600,"height":60}},"image":{"@type":"ImageObject","@id":"https:\/\/www.benefita.cz\/wp-content\/uploads\/marketing1_4.jpg","url":"https:\/\/www.benefita.cz\/wp-content\/uploads\/marketing1_4.jpg","height":0,"width":0},"keywords":null},{"@type":"Article","@id":"https:\/\/www.benefita.cz\/virtualni-sidlo-v-praze-skyta-radu-vyhod\/","headline":"Virtu\u00e1ln\u00ed s\u00eddlo v Praze sk\u00fdt\u00e1 \u0159adu v\u00fdhod","url":"https:\/\/www.benefita.cz\/virtualni-sidlo-v-praze-skyta-radu-vyhod\/","datePublished":"2024-05-28","dateModified":"2024-06-28","mainEntityOfPage":"https:\/\/www.benefita.cz\/virtualni-sidlo-v-praze-skyta-radu-vyhod\/","author":{"@type":"Person","@id":"https:\/\/www.benefita.cz\/author\/#Person","name":"","url":"https:\/\/www.benefita.cz\/author\/","identifier":1,"image":{"@type":"ImageObject","@id":"https:\/\/secure.gravatar.com\/avatar\/56990d361a15c60249588fcd5c65556d1c39f993ac5e20b5abce42fd817b46e8?s=96&d=mm&r=g","url":"https:\/\/secure.gravatar.com\/avatar\/56990d361a15c60249588fcd5c65556d1c39f993ac5e20b5abce42fd817b46e8?s=96&d=mm&r=g","height":96,"width":96}},"publisher":{"@type":"Organization","name":"benefita.cz","logo":{"@type":"ImageObject","@id":"\/logo.png","url":"\/logo.png","width":600,"height":60}},"image":{"@type":"ImageObject","@id":"https:\/\/www.benefita.cz\/wp-content\/uploads\/prague-3126474_640_1.jpg","url":"https:\/\/www.benefita.cz\/wp-content\/uploads\/prague-3126474_640_1.jpg","height":0,"width":0},"keywords":null},{"@type":"Article","@id":"https:\/\/www.benefita.cz\/problemy-se-starymi-domy\/","headline":"Probl\u00e9my se star\u00fdmi domy.","url":"https:\/\/www.benefita.cz\/problemy-se-starymi-domy\/","datePublished":"2024-05-12","dateModified":"2024-05-12","mainEntityOfPage":"https:\/\/www.benefita.cz\/problemy-se-starymi-domy\/","author":{"@type":"Person","@id":"https:\/\/www.benefita.cz\/author\/#Person","name":"","url":"https:\/\/www.benefita.cz\/author\/","identifier":1,"image":{"@type":"ImageObject","@id":"https:\/\/secure.gravatar.com\/avatar\/56990d361a15c60249588fcd5c65556d1c39f993ac5e20b5abce42fd817b46e8?s=96&d=mm&r=g","url":"https:\/\/secure.gravatar.com\/avatar\/56990d361a15c60249588fcd5c65556d1c39f993ac5e20b5abce42fd817b46e8?s=96&d=mm&r=g","height":96,"width":96}},"publisher":{"@type":"Organization","name":"benefita.cz","logo":{"@type":"ImageObject","@id":"\/logo.png","url":"\/logo.png","width":600,"height":60}},"image":{"@type":"ImageObject","@id":"https:\/\/www.benefita.cz\/wp-content\/uploads\/pexels-aamir-18274115.jpg","url":"https:\/\/www.benefita.cz\/wp-content\/uploads\/pexels-aamir-18274115.jpg","height":0,"width":0},"keywords":null},{"@type":"Article","@id":"https:\/\/www.benefita.cz\/uspesny-prodej-nemovitosti-s-virtualni-prohlidkou\/","headline":"\u00dasp\u011b\u0161n\u00fd prodej nemovitost\u00ed s virtu\u00e1ln\u00ed prohl\u00eddkou","url":"https:\/\/www.benefita.cz\/uspesny-prodej-nemovitosti-s-virtualni-prohlidkou\/","datePublished":"2024-05-10","dateModified":"2024-05-10","mainEntityOfPage":"https:\/\/www.benefita.cz\/uspesny-prodej-nemovitosti-s-virtualni-prohlidkou\/","author":{"@type":"Person","@id":"https:\/\/www.benefita.cz\/author\/#Person","name":"","url":"https:\/\/www.benefita.cz\/author\/","identifier":1,"image":{"@type":"ImageObject","@id":"https:\/\/secure.gravatar.com\/avatar\/56990d361a15c60249588fcd5c65556d1c39f993ac5e20b5abce42fd817b46e8?s=96&d=mm&r=g","url":"https:\/\/secure.gravatar.com\/avatar\/56990d361a15c60249588fcd5c65556d1c39f993ac5e20b5abce42fd817b46e8?s=96&d=mm&r=g","height":96,"width":96}},"publisher":{"@type":"Organization","name":"benefita.cz","logo":{"@type":"ImageObject","@id":"\/logo.png","url":"\/logo.png","width":600,"height":60}},"image":{"@type":"ImageObject","@id":"https:\/\/www.benefita.cz\/wp-content\/uploads\/glass-house-76934_640.jpg","url":"https:\/\/www.benefita.cz\/wp-content\/uploads\/glass-house-76934_640.jpg","height":0,"width":0},"keywords":null}]}