[{"@context":"https:\/\/schema.org\/","@type":"Article","@id":"https:\/\/www.benefita.cz\/rodina-a-vztahy\/#Article","mainEntityOfPage":"https:\/\/www.benefita.cz\/rodina-a-vztahy\/","headline":"Rodina a vztahy","name":"Rodina a vztahy","description":"Mysl\u00edte si, \u017ee v\u0161ude vztahy jsou opravdu dokonal\u00e9 a \u017ee jsou dobr\u00e9? V\u011b\u0159te mi, \u017ee pokud n\u011bkde neudr\u017eujete opravdu dobr\u00e9 vztahy, tak se v\u00e1m to tak\u00e9 m\u016f\u017ee vymst\u00edt. J\u00e1 sama m\u00e1m probl\u00e9my s t\u00edm, \u017ee v rodin\u011b m\u00e1me opravdu \u0161patn\u00e9 vztahy, nev\u00edm \u010d\u00edm to je, ale my jsme vlastn\u011b skoro nikdy ani nebyli jako rodina. &hellip;<p class=\"read-more\"> <a class=\" thunk-readmore button \" href=\"https:\/\/www.benefita.cz\/rodina-a-vztahy\/\"> <span class=\"screen-reader-text\">Rodina a vztahy<\/span>Read More<\/a><\/p>","datePublished":"2022-12-30","dateModified":"2022-12-30","author":{"@type":"Person","@id":"https:\/\/www.benefita.cz\/author\/#Person","name":"","url":"https:\/\/www.benefita.cz\/author\/","identifier":1,"image":{"@type":"ImageObject","@id":"https:\/\/secure.gravatar.com\/avatar\/56990d361a15c60249588fcd5c65556d1c39f993ac5e20b5abce42fd817b46e8?s=96&d=mm&r=g","url":"https:\/\/secure.gravatar.com\/avatar\/56990d361a15c60249588fcd5c65556d1c39f993ac5e20b5abce42fd817b46e8?s=96&d=mm&r=g","height":96,"width":96}},"publisher":{"@type":"Organization","name":"benefita.cz","logo":{"@type":"ImageObject","@id":"\/logo.png","url":"\/logo.png","width":600,"height":60}},"image":{"@type":"ImageObject","@id":"https:\/\/www.benefita.cz\/wp-content\/uploads\/family-2610205_1280_1.jpg","url":"https:\/\/www.benefita.cz\/wp-content\/uploads\/family-2610205_1280_1.jpg","height":0,"width":0},"url":"https:\/\/www.benefita.cz\/rodina-a-vztahy\/","about":["Vztahy"],"wordCount":439,"articleBody":"Mysl\u00edte si, \u017ee v\u0161ude vztahy jsou opravdu dokonal\u00e9 a \u017ee jsou dobr\u00e9? V\u011b\u0159te mi, \u017ee pokud n\u011bkde neudr\u017eujete opravdu dobr\u00e9 vztahy, tak se v\u00e1m to tak\u00e9 m\u016f\u017ee vymst\u00edt. J\u00e1 sama m\u00e1m probl\u00e9my s t\u00edm, \u017ee v rodin\u011b m\u00e1me opravdu \u0161patn\u00e9 vztahy, nev\u00edm \u010d\u00edm to je, ale my jsme vlastn\u011b skoro nikdy ani nebyli jako rodina. J\u00e1 si mysl\u00edm, \u017ee sp\u00ed\u0161e to bylo jako ka\u017ed\u00fd s\u00e1m za sebe, \u017ee kdo m\u011bl t\u0159eba nap\u0159\u00edklad n\u011bjak\u00e9 probl\u00e9my v rodin\u011b nebo i mezi p\u0159\u00e1teli, tak si to sp\u00ed\u0161 ka\u017ed\u00fd \u0159e\u0161il po sv\u00e9m. J\u00e1 jsem vlastn\u011b ani jako d\u00edt\u011b nem\u011bla moc p\u0159\u00e1tel. J\u00e1 jsem toti\u017e vyr\u016fstala v takov\u00e9 ulici, kde zrovna nebyli v\u016fbec \u017e\u00e1dn\u00ed vrstevn\u00edci. A kdy\u017e to byli vrstevn\u00edci, tak to byli kluci a byli p\u011bkn\u011b otravn\u00ed, tak\u017ee to nakonec v\u017edycky dopadlo tak, \u017ee jsem skon\u010dila v\u017edy sama a mrzelo m\u011b, \u017ee t\u0159eba moje star\u0161\u00ed sestra a nebo i m\u016fj star\u0161\u00ed bratr v\u016fbec se se mnou necht\u011bli bavit.Nyn\u00ed u\u017e v\u00edm, \u017ee takov\u00e9 vztahy v rodin\u011b jsou naprosto nevhodn\u00e9 a tak\u00e9 docela hodn\u011b smutn\u00e9. Proto jsem si \u0159ekla, \u017ee a\u017e budu m\u00edt rodinu, \u017ee j\u00e1 ke sv\u00fdm d\u011btem budu opravdu m\u00edt v\u0159el\u00fd vztah a tak\u00e9 bych cht\u011bla, aby i sourozenci k sob\u011b se m\u011bli bl\u00ed\u017ee nyn\u00ed. Kdy\u017e u\u017e jsem opravdu m\u00e1ma sedmilet\u00e9 dcery a \u0161estn\u00e1ctilet\u00e9ho syna, tak jsem r\u00e1da, \u017ee oni dva se k sob\u011b maj\u00ed. Sice ano je pravda, \u017ee je to velik\u00fd v\u011bkov\u00fd rozd\u00edl, ale jsem r\u00e1da, \u017ee oni se v\u017edycky na v\u0161em dok\u00e1\u017eou dohodnout a \u017ee i si spolu dok\u00e1\u017e\u00ed hr\u00e1t i p\u0159es ten velik\u00fd v\u011bkov\u00fd rozd\u00edl.J\u00e1 p\u0159edpokl\u00e1d\u00e1m, \u017ee opravdu mnoho lid\u00ed tak\u00e9 n\u011bkdy za\u017eilo fakt, \u017ee n\u011bkter\u00e9 vztahy v pr\u00e1ci a nebo i v rodin\u011b byly opravdu nemil\u00e9 a byly \u0161patn\u00e9. Mnoho lid\u00ed potom jsou z toho velice ne\u0161\u0165astn\u00ed, tak\u017ee je potom smutn\u00e9, \u017ee lid\u00e9 mohou upadnout do deprese a \u0159eknu v\u00e1m, \u017ee b\u00fdt v depresi je opravdu hodn\u011b slo\u017eit\u00e9 a n\u00e1ro\u010dn\u00e9, pro t\u011blo tak\u00e9 nebezpe\u010dn\u00e9. J\u00e1 jsem m\u011bla depresi u\u017e dvakr\u00e1t a to bylo poprv\u00e9, kdy\u017e m\u011b ml\u00e1til m\u016fj tehdej\u0161\u00ed b\u00fdval\u00fd partner. \u0158eknu v\u00e1m, \u017ee je to opravdu smutn\u00e9 a u\u017e bych to nikdy necht\u011bla za\u017e\u00edt.                                                                                                                                                                                                                                                                                                                                                                                        4.2\/5 - (6 votes)        "},{"@context":"https:\/\/schema.org\/","@type":"BreadcrumbList","itemListElement":[{"@type":"ListItem","position":1,"name":"Rodina a vztahy","item":"https:\/\/www.benefita.cz\/rodina-a-vztahy\/#breadcrumbitem"}]}]