[{"@context":"https:\/\/schema.org\/","@type":"Article","@id":"https:\/\/www.benefita.cz\/pronajem-vozu-s-veskerym-komfortem\/#Article","mainEntityOfPage":"https:\/\/www.benefita.cz\/pronajem-vozu-s-veskerym-komfortem\/","headline":"Pron\u00e1jem vozu s ve\u0161ker\u00fdm komfortem","name":"Pron\u00e1jem vozu s ve\u0161ker\u00fdm komfortem","description":"N\u011bkdy se stane, \u017ee pot\u0159ebujete nutn\u011b p\u0159ev\u00e9zt z m\u00edsta na m\u00edsto n\u011bjak\u00fd v\u011bt\u0161\u00ed n\u00e1klad a do va\u0161eho osobn\u00edho vozu se v\u0161e nevejde. Jednou z mo\u017enost\u00ed je okam\u017eit\u00e1 koup\u011b n\u011bjak\u00e9 vhodn\u00e9 dod\u00e1vky. Toto \u0159e\u0161en\u00ed je pro v\u011bt\u0161inu z n\u00e1s z n\u011bkolika d\u016fvod\u016f nep\u0159ijateln\u00e9. A tak\u00e9 by asi bylo docela nesmysln\u00e9. Zvl\u00e1\u0161t\u011b v p\u0159\u00edpad\u011b jednor\u00e1zov\u00e9ho vyu\u017eit\u00ed. V &hellip;<p class=\"read-more\"> <a class=\" thunk-readmore button \" href=\"https:\/\/www.benefita.cz\/pronajem-vozu-s-veskerym-komfortem\/\"> <span class=\"screen-reader-text\">Pron\u00e1jem vozu s ve\u0161ker\u00fdm komfortem<\/span>Read More<\/a><\/p>","datePublished":"2018-08-13","dateModified":"2018-08-13","author":{"@type":"Person","@id":"https:\/\/www.benefita.cz\/author\/#Person","name":"","url":"https:\/\/www.benefita.cz\/author\/","identifier":1,"image":{"@type":"ImageObject","@id":"https:\/\/secure.gravatar.com\/avatar\/56990d361a15c60249588fcd5c65556d1c39f993ac5e20b5abce42fd817b46e8?s=96&d=mm&r=g","url":"https:\/\/secure.gravatar.com\/avatar\/56990d361a15c60249588fcd5c65556d1c39f993ac5e20b5abce42fd817b46e8?s=96&d=mm&r=g","height":96,"width":96}},"publisher":{"@type":"Organization","name":"benefita.cz","logo":{"@type":"ImageObject","@id":"\/logo.png","url":"\/logo.png","width":600,"height":60}},"image":{"@type":"ImageObject","@id":"https:\/\/www.benefita.cz\/wp-content\/uploads\/img_a323895_w1759_t1535620599.png","url":"https:\/\/www.benefita.cz\/wp-content\/uploads\/img_a323895_w1759_t1535620599.png","height":0,"width":0},"url":"https:\/\/www.benefita.cz\/pronajem-vozu-s-veskerym-komfortem\/","about":["N\u00e1kupy"],"wordCount":390,"articleBody":"   N\u011bkdy se stane, \u017ee pot\u0159ebujete nutn\u011b p\u0159ev\u00e9zt z m\u00edsta na m\u00edsto n\u011bjak\u00fd v\u011bt\u0161\u00ed n\u00e1klad a do va\u0161eho osobn\u00edho vozu se v\u0161e nevejde. Jednou z mo\u017enost\u00ed je okam\u017eit\u00e1 koup\u011b n\u011bjak\u00e9 vhodn\u00e9 dod\u00e1vky. Toto \u0159e\u0161en\u00ed je pro v\u011bt\u0161inu z n\u00e1s z n\u011bkolika d\u016fvod\u016f nep\u0159ijateln\u00e9. A tak\u00e9 by asi bylo docela nesmysln\u00e9. Zvl\u00e1\u0161t\u011b v p\u0159\u00edpad\u011b jednor\u00e1zov\u00e9ho vyu\u017eit\u00ed.   V dne\u0161n\u00ed dob\u011b nen\u00ed probl\u00e9m si cokoliv p\u016fj\u010dit. Vod\u00e1ci si p\u016fj\u010duj\u00ed plavidla, turist\u00e9 si mohou pronajmout j\u00edzdn\u00ed kola, tak pro\u010d bychom si nemohli na nezbytnou dobu zap\u016fj\u010dit i dod\u00e1vku nebo jin\u00fd u\u017eitkov\u00fd v\u016fz? Sou\u010dasn\u00e9 p\u016fj\u010dovny https:\/\/www.rentcarservice.cz\/pujcovna-dodavek-praha maj\u00ed v nab\u00eddce v\u011bt\u0161inou skute\u010dn\u011b kvalitn\u00ed automobily, kter\u00e9 jsou v bezvadn\u00e9m stavu, a tud\u00ed\u017e pln\u011b spolehliv\u00e9. Pat\u0159\u00ed k nim p\u0159edev\u0161\u00edm dod\u00e1vky francouzsk\u00e9 v\u00fdroby. Ceny jsou velice p\u0159ijateln\u00e9, a tak nen\u00ed probl\u00e9m si ponechat automobil v pron\u00e1jmu i n\u011bkolik dn\u016f nebo t\u00fddn\u016f.  Pron\u00e1jem zahrnuje neomezen\u00fd po\u010det ujet\u00fdch kilometr\u016f po dohod\u011b p\u0159istaven\u00ed a n\u00e1sledn\u00e9 odvezen\u00ed vozidla d\u00e1lni\u010dn\u00ed zn\u00e1mku pro \u010cR i pro cestu na Slovensko z\u00e1konn\u00e9 i havarijn\u00ed poji\u0161t\u011bn\u00ed v tuzemsku i zahrani\u010d\u00ed pravideln\u00fd servis. Jako pr\u00e9mie se poskytuje asisten\u010dn\u00ed slu\u017eba.   Auto s \u0159idi\u010dem i CD p\u0159ehr\u00e1va\u010dem  Pokud n\u00e1jemce nevlastn\u00ed \u0159idi\u010dsk\u00fd pr\u016fkaz nebo si \u0159\u00edzen\u00edm v\u011bt\u0161\u00edho vozu nen\u00ed jist\u00fd, nen\u00ed probl\u00e9m dodat v\u016fz i s \u0159idi\u010dem. Samotn\u00fd pron\u00e1jem nen\u00ed rozhodn\u011b \u017e\u00e1dn\u00fd slo\u017eit\u00fd proces. U fyzick\u00e9 osoby posta\u010d\u00ed doklad toto\u017enosti a u podnikatel\u016f \u017eivnostensk\u00fd list. D\u016fle\u017eit\u00e9 a pochopiteln\u00e9 je i poskytnut\u00ed vratn\u00e9 z\u00e1lohy ve v\u00fd\u0161i p\u011bti tis\u00edc korun. Tato z\u00e1loha se vy\u017eaduje i u osoby pr\u00e1vnick\u00e9. D\u016fle\u017eit\u00fdmi doklady jsou v tomto p\u0159\u00edpad\u011b dva doklady toto\u017enosti a v\u00fdpis z obchodn\u00edho rejst\u0159\u00edku.  Automobily jsou modern\u011b vybaven\u00e9. Nechyb\u00ed centr\u00e1ln\u00ed zamyk\u00e1n\u00ed ta\u017en\u00e9 za\u0159\u00edzen\u00ed r\u00e1dio s CD p\u0159ehr\u00e1va\u010dem posilova\u010d \u0159\u00edzen\u00ed airbag \u0159idi\u010de v\u00fd\u0161kov\u011b nastaviteln\u00fd volant i sedadlo.                                                                                                                                                                                                                                                                                                                                                                                          4\/5 - (4 votes)        "},{"@context":"https:\/\/schema.org\/","@type":"BreadcrumbList","itemListElement":[{"@type":"ListItem","position":1,"name":"Pron\u00e1jem vozu s ve\u0161ker\u00fdm komfortem","item":"https:\/\/www.benefita.cz\/pronajem-vozu-s-veskerym-komfortem\/#breadcrumbitem"}]}]