[{"@context":"https:\/\/schema.org\/","@type":"Blog","@id":"https:\/\/www.benefita.cz#Blog","headline":"Benefita","description":"\nPot\u00ed\u017ee n\u00e1s mohou, ale tak\u00e9 nemus\u00ed prov\u00e1zet na\u0161\u00edm \u017eivotem. A kdo m\u00e1 zdrav\u00fd rozum, rad\u0161i se jich zbav\u00ed. T\u0159eba s\u00a0pomoc\u00ed na\u0161eho webu, kter\u00fd je tu od toho.","url":"https:\/\/www.benefita.cz","hasPart":[{"@type":"Article","@id":"https:\/\/www.benefita.cz\/kdyz-mate-pujcek-vic\/","headline":"Kdy\u017e m\u00e1te p\u016fj\u010dek v\u00edc","url":"https:\/\/www.benefita.cz\/kdyz-mate-pujcek-vic\/","datePublished":"2025-01-20","dateModified":"2025-01-20","mainEntityOfPage":"https:\/\/www.benefita.cz\/kdyz-mate-pujcek-vic\/","author":{"@type":"Person","@id":"https:\/\/www.benefita.cz\/author\/#Person","name":"","url":"https:\/\/www.benefita.cz\/author\/","identifier":1,"image":{"@type":"ImageObject","@id":"https:\/\/secure.gravatar.com\/avatar\/56990d361a15c60249588fcd5c65556d1c39f993ac5e20b5abce42fd817b46e8?s=96&d=mm&r=g","url":"https:\/\/secure.gravatar.com\/avatar\/56990d361a15c60249588fcd5c65556d1c39f993ac5e20b5abce42fd817b46e8?s=96&d=mm&r=g","height":96,"width":96}},"publisher":{"@type":"Organization","name":"benefita.cz","logo":{"@type":"ImageObject","@id":"\/logo.png","url":"\/logo.png","width":600,"height":60}},"image":{"@type":"ImageObject","@id":"https:\/\/www.benefita.cz\/wp-content\/uploads\/money-8033100_640_10_10_6.jpg","url":"https:\/\/www.benefita.cz\/wp-content\/uploads\/money-8033100_640_10_10_6.jpg","height":0,"width":0},"wordCount":735,"keywords":null},{"@type":"Article","@id":"https:\/\/www.benefita.cz\/apartmany-pro-rodinnou-dovolenou\/","headline":"Apartm\u00e1ny pro rodinnou dovolenou","url":"https:\/\/www.benefita.cz\/apartmany-pro-rodinnou-dovolenou\/","datePublished":"2025-01-18","dateModified":"2025-01-18","mainEntityOfPage":"https:\/\/www.benefita.cz\/apartmany-pro-rodinnou-dovolenou\/","author":{"@type":"Person","@id":"https:\/\/www.benefita.cz\/author\/#Person","name":"","url":"https:\/\/www.benefita.cz\/author\/","identifier":1,"image":{"@type":"ImageObject","@id":"https:\/\/secure.gravatar.com\/avatar\/56990d361a15c60249588fcd5c65556d1c39f993ac5e20b5abce42fd817b46e8?s=96&d=mm&r=g","url":"https:\/\/secure.gravatar.com\/avatar\/56990d361a15c60249588fcd5c65556d1c39f993ac5e20b5abce42fd817b46e8?s=96&d=mm&r=g","height":96,"width":96}},"publisher":{"@type":"Organization","name":"benefita.cz","logo":{"@type":"ImageObject","@id":"\/logo.png","url":"\/logo.png","width":600,"height":60}},"image":null,"wordCount":224,"keywords":null},{"@type":"Article","@id":"https:\/\/www.benefita.cz\/jak-zvladnout-autoskolu-bez-stresu\/","headline":"Jak zvl\u00e1dnout auto\u0161kolu bez stresu","url":"https:\/\/www.benefita.cz\/jak-zvladnout-autoskolu-bez-stresu\/","datePublished":"2025-01-14","dateModified":"2025-01-14","mainEntityOfPage":"https:\/\/www.benefita.cz\/jak-zvladnout-autoskolu-bez-stresu\/","author":{"@type":"Person","@id":"https:\/\/www.benefita.cz\/author\/#Person","name":"","url":"https:\/\/www.benefita.cz\/author\/","identifier":1,"image":{"@type":"ImageObject","@id":"https:\/\/secure.gravatar.com\/avatar\/56990d361a15c60249588fcd5c65556d1c39f993ac5e20b5abce42fd817b46e8?s=96&d=mm&r=g","url":"https:\/\/secure.gravatar.com\/avatar\/56990d361a15c60249588fcd5c65556d1c39f993ac5e20b5abce42fd817b46e8?s=96&d=mm&r=g","height":96,"width":96}},"publisher":{"@type":"Organization","name":"benefita.cz","logo":{"@type":"ImageObject","@id":"\/logo.png","url":"\/logo.png","width":600,"height":60}},"image":{"@type":"ImageObject","@id":"https:\/\/www.benefita.cz\/wp-content\/uploads\/pexels-markusspiske-227730.jpg","url":"https:\/\/www.benefita.cz\/wp-content\/uploads\/pexels-markusspiske-227730.jpg","height":0,"width":0},"wordCount":521,"keywords":null},{"@type":"Article","@id":"https:\/\/www.benefita.cz\/prakticky-doplnek-pro-kazdodenni-vyuziti\/","headline":"Praktick\u00fd dopln\u011bk pro ka\u017edodenn\u00ed vyu\u017eit\u00ed","url":"https:\/\/www.benefita.cz\/prakticky-doplnek-pro-kazdodenni-vyuziti\/","datePublished":"2025-01-11","dateModified":"2025-01-11","mainEntityOfPage":"https:\/\/www.benefita.cz\/prakticky-doplnek-pro-kazdodenni-vyuziti\/","author":{"@type":"Person","@id":"https:\/\/www.benefita.cz\/author\/#Person","name":"","url":"https:\/\/www.benefita.cz\/author\/","identifier":1,"image":{"@type":"ImageObject","@id":"https:\/\/secure.gravatar.com\/avatar\/56990d361a15c60249588fcd5c65556d1c39f993ac5e20b5abce42fd817b46e8?s=96&d=mm&r=g","url":"https:\/\/secure.gravatar.com\/avatar\/56990d361a15c60249588fcd5c65556d1c39f993ac5e20b5abce42fd817b46e8?s=96&d=mm&r=g","height":96,"width":96}},"publisher":{"@type":"Organization","name":"benefita.cz","logo":{"@type":"ImageObject","@id":"\/logo.png","url":"\/logo.png","width":600,"height":60}},"image":{"@type":"ImageObject","@id":"https:\/\/www.benefita.cz\/wp-content\/uploads\/kl%C3%AD%C4%8Denka%202.jpg","url":"https:\/\/www.benefita.cz\/wp-content\/uploads\/kl%C3%AD%C4%8Denka%202.jpg","height":0,"width":0},"wordCount":568,"keywords":null},{"@type":"Article","@id":"https:\/\/www.benefita.cz\/proteiny-jsou-potrebne-pri-hubnuti\/","headline":"Proteiny jsou pot\u0159ebn\u00e9 p\u0159i hubnut\u00ed","url":"https:\/\/www.benefita.cz\/proteiny-jsou-potrebne-pri-hubnuti\/","datePublished":"2025-01-10","dateModified":"2025-01-10","mainEntityOfPage":"https:\/\/www.benefita.cz\/proteiny-jsou-potrebne-pri-hubnuti\/","author":{"@type":"Person","@id":"https:\/\/www.benefita.cz\/author\/#Person","name":"","url":"https:\/\/www.benefita.cz\/author\/","identifier":1,"image":{"@type":"ImageObject","@id":"https:\/\/secure.gravatar.com\/avatar\/56990d361a15c60249588fcd5c65556d1c39f993ac5e20b5abce42fd817b46e8?s=96&d=mm&r=g","url":"https:\/\/secure.gravatar.com\/avatar\/56990d361a15c60249588fcd5c65556d1c39f993ac5e20b5abce42fd817b46e8?s=96&d=mm&r=g","height":96,"width":96}},"publisher":{"@type":"Organization","name":"benefita.cz","logo":{"@type":"ImageObject","@id":"\/logo.png","url":"\/logo.png","width":600,"height":60}},"image":null,"wordCount":234,"keywords":null},{"@type":"Article","@id":"https:\/\/www.benefita.cz\/plnohodnotne-bydleni-s-nekolika-vyhodami\/","headline":"Plnohodnotn\u00e9 bydlen\u00ed s n\u011bkolika v\u00fdhodami","url":"https:\/\/www.benefita.cz\/plnohodnotne-bydleni-s-nekolika-vyhodami\/","datePublished":"2025-01-03","dateModified":"2025-01-03","mainEntityOfPage":"https:\/\/www.benefita.cz\/plnohodnotne-bydleni-s-nekolika-vyhodami\/","author":{"@type":"Person","@id":"https:\/\/www.benefita.cz\/author\/#Person","name":"","url":"https:\/\/www.benefita.cz\/author\/","identifier":1,"image":{"@type":"ImageObject","@id":"https:\/\/secure.gravatar.com\/avatar\/56990d361a15c60249588fcd5c65556d1c39f993ac5e20b5abce42fd817b46e8?s=96&d=mm&r=g","url":"https:\/\/secure.gravatar.com\/avatar\/56990d361a15c60249588fcd5c65556d1c39f993ac5e20b5abce42fd817b46e8?s=96&d=mm&r=g","height":96,"width":96}},"publisher":{"@type":"Organization","name":"benefita.cz","logo":{"@type":"ImageObject","@id":"\/logo.png","url":"\/logo.png","width":600,"height":60}},"image":null,"wordCount":228,"keywords":null},{"@type":"Article","@id":"https:\/\/www.benefita.cz\/skvela-dovolena-pro-deti\/","headline":"Skv\u011bl\u00e1 dovolen\u00e1 pro d\u011bti","url":"https:\/\/www.benefita.cz\/skvela-dovolena-pro-deti\/","datePublished":"2024-12-29","dateModified":"2024-12-29","mainEntityOfPage":"https:\/\/www.benefita.cz\/skvela-dovolena-pro-deti\/","author":{"@type":"Person","@id":"https:\/\/www.benefita.cz\/author\/#Person","name":"","url":"https:\/\/www.benefita.cz\/author\/","identifier":1,"image":{"@type":"ImageObject","@id":"https:\/\/secure.gravatar.com\/avatar\/56990d361a15c60249588fcd5c65556d1c39f993ac5e20b5abce42fd817b46e8?s=96&d=mm&r=g","url":"https:\/\/secure.gravatar.com\/avatar\/56990d361a15c60249588fcd5c65556d1c39f993ac5e20b5abce42fd817b46e8?s=96&d=mm&r=g","height":96,"width":96}},"publisher":{"@type":"Organization","name":"benefita.cz","logo":{"@type":"ImageObject","@id":"\/logo.png","url":"\/logo.png","width":600,"height":60}},"image":null,"wordCount":249,"keywords":null},{"@type":"Article","@id":"https:\/\/www.benefita.cz\/jak-se-stat-podnikatelem\/","headline":"Jak se st\u00e1t podnikatelem?","url":"https:\/\/www.benefita.cz\/jak-se-stat-podnikatelem\/","datePublished":"2024-12-21","dateModified":"2024-12-21","mainEntityOfPage":"https:\/\/www.benefita.cz\/jak-se-stat-podnikatelem\/","author":{"@type":"Person","@id":"https:\/\/www.benefita.cz\/author\/#Person","name":"","url":"https:\/\/www.benefita.cz\/author\/","identifier":1,"image":{"@type":"ImageObject","@id":"https:\/\/secure.gravatar.com\/avatar\/56990d361a15c60249588fcd5c65556d1c39f993ac5e20b5abce42fd817b46e8?s=96&d=mm&r=g","url":"https:\/\/secure.gravatar.com\/avatar\/56990d361a15c60249588fcd5c65556d1c39f993ac5e20b5abce42fd817b46e8?s=96&d=mm&r=g","height":96,"width":96}},"publisher":{"@type":"Organization","name":"benefita.cz","logo":{"@type":"ImageObject","@id":"\/logo.png","url":"\/logo.png","width":600,"height":60}},"image":{"@type":"ImageObject","@id":"https:\/\/www.benefita.cz\/wp-content\/uploads\/ffffffffff_10_10_6.jpg","url":"https:\/\/www.benefita.cz\/wp-content\/uploads\/ffffffffff_10_10_6.jpg","height":0,"width":0},"wordCount":691,"keywords":null},{"@type":"Article","@id":"https:\/\/www.benefita.cz\/nase-bile-tabule-budou-vhodne-do-vsech-skolicich-zarizenich\/","headline":"Na\u0161e b\u00edl\u00e9 tabule budou vhodn\u00e9 do v\u0161ech \u0161kol\u00edc\u00edch za\u0159\u00edzen\u00edch","url":"https:\/\/www.benefita.cz\/nase-bile-tabule-budou-vhodne-do-vsech-skolicich-zarizenich\/","datePublished":"2024-12-19","dateModified":"2024-12-19","mainEntityOfPage":"https:\/\/www.benefita.cz\/nase-bile-tabule-budou-vhodne-do-vsech-skolicich-zarizenich\/","author":{"@type":"Person","@id":"https:\/\/www.benefita.cz\/author\/#Person","name":"","url":"https:\/\/www.benefita.cz\/author\/","identifier":1,"image":{"@type":"ImageObject","@id":"https:\/\/secure.gravatar.com\/avatar\/56990d361a15c60249588fcd5c65556d1c39f993ac5e20b5abce42fd817b46e8?s=96&d=mm&r=g","url":"https:\/\/secure.gravatar.com\/avatar\/56990d361a15c60249588fcd5c65556d1c39f993ac5e20b5abce42fd817b46e8?s=96&d=mm&r=g","height":96,"width":96}},"publisher":{"@type":"Organization","name":"benefita.cz","logo":{"@type":"ImageObject","@id":"\/logo.png","url":"\/logo.png","width":600,"height":60}},"image":null,"wordCount":243,"keywords":null},{"@type":"Article","@id":"https:\/\/www.benefita.cz\/bezpecnost-prace-pro-elektrikare-na-stavbe-je-na-prvnim-miste\/","headline":"Bezpe\u010dnost pr\u00e1ce pro elektrik\u00e1\u0159e na stavb\u011b je na prvn\u00edm m\u00edst\u011b","url":"https:\/\/www.benefita.cz\/bezpecnost-prace-pro-elektrikare-na-stavbe-je-na-prvnim-miste\/","datePublished":"2024-12-14","dateModified":"2024-12-14","mainEntityOfPage":"https:\/\/www.benefita.cz\/bezpecnost-prace-pro-elektrikare-na-stavbe-je-na-prvnim-miste\/","author":{"@type":"Person","@id":"https:\/\/www.benefita.cz\/author\/#Person","name":"","url":"https:\/\/www.benefita.cz\/author\/","identifier":1,"image":{"@type":"ImageObject","@id":"https:\/\/secure.gravatar.com\/avatar\/56990d361a15c60249588fcd5c65556d1c39f993ac5e20b5abce42fd817b46e8?s=96&d=mm&r=g","url":"https:\/\/secure.gravatar.com\/avatar\/56990d361a15c60249588fcd5c65556d1c39f993ac5e20b5abce42fd817b46e8?s=96&d=mm&r=g","height":96,"width":96}},"publisher":{"@type":"Organization","name":"benefita.cz","logo":{"@type":"ImageObject","@id":"\/logo.png","url":"\/logo.png","width":600,"height":60}},"image":{"@type":"ImageObject","@id":"https:\/\/www.benefita.cz\/wp-content\/uploads\/electrician-2755683_640_10_10_1.jpg","url":"https:\/\/www.benefita.cz\/wp-content\/uploads\/electrician-2755683_640_10_10_1.jpg","height":0,"width":0},"wordCount":544,"keywords":null}]},{"@context":"https:\/\/schema.org","@type":"WebSite","@id":"https:\/\/www.benefita.cz\/#website","name":"Benefita","url":"https:\/\/www.benefita.cz","potentialAction":{"@type":"SearchAction","target":"https:\/\/www.benefita.cz\/?s={search_term_string}","query-input":"required name=search_term_string"}}]