[{"@context":"https:\/\/schema.org\/","@type":"Article","@id":"https:\/\/www.benefita.cz\/nenechte-osvetleni-vasi-domacnosti-nahode-do-kazde-mistnosti-se-hodi-jine-osvetleni\/#Article","mainEntityOfPage":"https:\/\/www.benefita.cz\/nenechte-osvetleni-vasi-domacnosti-nahode-do-kazde-mistnosti-se-hodi-jine-osvetleni\/","headline":"Nenechte osv\u011btlen\u00ed Va\u0161\u00ed dom\u00e1cnosti n\u00e1hod\u011b! Do ka\u017ed\u00e9 m\u00edstnosti se hod\u00ed jin\u00e9 osv\u011btlen\u00ed.","name":"Nenechte osv\u011btlen\u00ed Va\u0161\u00ed dom\u00e1cnosti n\u00e1hod\u011b! Do ka\u017ed\u00e9 m\u00edstnosti se hod\u00ed jin\u00e9 osv\u011btlen\u00ed.","description":"Pro ka\u017edou m\u00edstnost se hod\u00ed jin\u00e9 osv\u011btlen\u00ed, poj\u010fme se na tuto problematiku pod\u00edvat spole\u010dn\u011b. Toaleta Nen\u00ed nadto za\u010d\u00edt, jak se \u0159\u00edk\u00e1v\u00e1 \u201ez gruntu\u201c. Pro toaletu se sp\u00ed\u0161e hod\u00ed osv\u011btlen\u00ed mal\u00e9, decentn\u00ed, d\u00e1 se \u0159\u00edci \u00fasporn\u00e9. Je to z\u00a0jednoduch\u00e9ho a z\u00e1rove\u0148 praktick\u00e9ho d\u016fvodu. Osv\u011btlen\u00ed se d\u00e1 pova\u017eovat za dostate\u010dn\u00e9, pokud dob\u0159e vid\u00edte, \u201ekam m\u00ed\u0159\u00edte\u201c. Ale pokud &hellip;<p class=\"read-more\"> <a class=\" thunk-readmore button \" href=\"https:\/\/www.benefita.cz\/nenechte-osvetleni-vasi-domacnosti-nahode-do-kazde-mistnosti-se-hodi-jine-osvetleni\/\"> <span class=\"screen-reader-text\">Nenechte osv\u011btlen\u00ed Va\u0161\u00ed dom\u00e1cnosti n\u00e1hod\u011b! Do ka\u017ed\u00e9 m\u00edstnosti se hod\u00ed jin\u00e9 osv\u011btlen\u00ed.<\/span>Read More<\/a><\/p>","datePublished":"2018-06-06","dateModified":"2018-06-06","author":{"@type":"Person","@id":"https:\/\/www.benefita.cz\/author\/#Person","name":"","url":"https:\/\/www.benefita.cz\/author\/","identifier":1,"image":{"@type":"ImageObject","@id":"https:\/\/secure.gravatar.com\/avatar\/56990d361a15c60249588fcd5c65556d1c39f993ac5e20b5abce42fd817b46e8?s=96&d=mm&r=g","url":"https:\/\/secure.gravatar.com\/avatar\/56990d361a15c60249588fcd5c65556d1c39f993ac5e20b5abce42fd817b46e8?s=96&d=mm&r=g","height":96,"width":96}},"publisher":{"@type":"Organization","name":"benefita.cz","logo":{"@type":"ImageObject","@id":"\/logo.png","url":"\/logo.png","width":600,"height":60}},"image":{"@type":"ImageObject","@id":"https:\/\/www.benefita.cz\/wp-content\/uploads\/img_a321161_w1708_t1532416766.jpg","url":"https:\/\/www.benefita.cz\/wp-content\/uploads\/img_a321161_w1708_t1532416766.jpg","height":0,"width":0},"url":"https:\/\/www.benefita.cz\/nenechte-osvetleni-vasi-domacnosti-nahode-do-kazde-mistnosti-se-hodi-jine-osvetleni\/","wordCount":405,"articleBody":"\tPro ka\u017edou m\u00edstnost se hod\u00ed jin\u00e9 osv\u011btlen\u00ed, poj\u010fme se na tuto problematiku pod\u00edvat spole\u010dn\u011b.\tToaleta\tNen\u00ed nadto za\u010d\u00edt, jak se \u0159\u00edk\u00e1v\u00e1 \u201ez gruntu\u201c. Pro toaletu se sp\u00ed\u0161e hod\u00ed osv\u011btlen\u00ed mal\u00e9, decentn\u00ed, d\u00e1 se \u0159\u00edci \u00fasporn\u00e9. Je to z\u00a0jednoduch\u00e9ho a z\u00e1rove\u0148 praktick\u00e9ho d\u016fvodu. Osv\u011btlen\u00ed se d\u00e1 pova\u017eovat za dostate\u010dn\u00e9, pokud dob\u0159e vid\u00edte, \u201ekam m\u00ed\u0159\u00edte\u201c. Ale pokud m\u00e1te toaletu spojenou s\u00a0koupelnou, p\u0159esu\u0148te se ke koupeln\u011b a \u0159i\u010fte se radami pod t\u00edmto podnadpisem uveden\u00fdmi.\tKoupelna\tV\u00a0t\u00e9to m\u00edstnosti je dobr\u00e9 m\u00edt siln\u00fd zdroj sv\u011btla z\u00a0toho d\u016fvodu, abyste na sebe dob\u0159e vid\u011bli, jeliko\u017e koupelna je m\u00edstem o\u010disty a hygieny. V\u00a0p\u0159\u00edpad\u011b, \u017ee Va\u0161e koupelna disponuje vanou, bylo by dobr\u00e9, aby byla mo\u017enost ztlumen\u00ed tohoto sv\u011btla, z\u00a0d\u016fvodu zintenzivn\u011bn\u00ed atmosf\u00e9ry p\u0159i koupeli. A pokud m\u00e1te v\u00a0koupeln\u011b v\u00ed\u0159ivku, tak V\u00e1mi vybran\u00e9 sv\u011btlo by m\u011blo m\u00edt nejen mo\u017enost ztlumen\u00ed, ale tak\u00e9 volitelnost barevn\u00e9ho spektra.\tOb\u00fdvac\u00ed pokoj\tDo ob\u00fdvac\u00edho pokoje se sp\u00ed\u0161e hod\u00ed st\u0159edn\u011b siln\u00e9 sv\u011btlo, tedy v\u00a0p\u0159\u00edpad\u011b, \u017ee si na ostatn\u00ed v\u00a0m\u00edstnosti \u201enechcete posv\u00edtit\u201c. P\u0159eci jen, v\u00a0ob\u00fdvac\u00edm pokoji se pov\u011bt\u0161inou kouk\u00e1 na televizi a k\u00a0tomu nepot\u0159ebujete nijak z\u00e1vratn\u00fd zdroj sv\u011btla.\tKuchyn\u011b\tV\u00a0kuchyni se rozhodn\u011b hod\u00ed opravdu siln\u00e9 osv\u011btlen\u00ed. V\u00a0kuchyni p\u0159i p\u0159\u00edprav\u011b nejen pokrm\u016f je nutn\u00e9 vid\u011bt na to, co d\u011bl\u00e1te, abyste p\u0159ede\u0161li p\u0159\u00edpadn\u00fdm \u00faraz\u016fm. Je tedy vhodn\u00e9, aby ve Va\u0161\u00ed kuchyni nach\u00e1zeli i dal\u0161\u00ed zdroje sv\u011btla.\tPokoj\/e\tV\u00a0pokoj\u00edch, ve kter\u00fdch se sp\u00ed, je dobr\u00fd kvalitn\u00ed zdroj sv\u011btla. P\u0159eci jen, ob\u010das tyto pokoje slou\u017e\u00ed i jako pracovna. A nen\u00ed v\u016fbec k\u00a0zahozen\u00ed sv\u011btlo s\u00a0v\u00edce barvami. A to z\u00a0d\u016fvodu, aby ve\u010der dopomohli tyto sv\u011btla nabudit tu spr\u00e1vnou atmosf\u00e9ru!\tZ\u00e1v\u011br\tNa z\u00e1v\u011br je nutn\u00e9 podkout, \u017ee nejde nejen o to, jestli toto sv\u011btlo sv\u00edt\u00ed tak \u010di onak. Nutn\u00e1 je i praktick\u00e1, energetick\u00e1 a finan\u010dn\u00ed str\u00e1nka Va\u0161eho sv\u011btla, kter\u00e9 je d\u016fle\u017eitou sou\u010d\u00e1st\u00ed domova.                                                                                                                                                                                                                                                                                                                                                                                        4.3\/5 - (6 votes)        "},{"@context":"https:\/\/schema.org\/","@type":"BreadcrumbList","itemListElement":[{"@type":"ListItem","position":1,"name":"Nenechte osv\u011btlen\u00ed Va\u0161\u00ed dom\u00e1cnosti n\u00e1hod\u011b! Do ka\u017ed\u00e9 m\u00edstnosti se hod\u00ed jin\u00e9 osv\u011btlen\u00ed.","item":"https:\/\/www.benefita.cz\/nenechte-osvetleni-vasi-domacnosti-nahode-do-kazde-mistnosti-se-hodi-jine-osvetleni\/#breadcrumbitem"}]}]