[{"@context":"https:\/\/schema.org\/","@type":"Article","@id":"https:\/\/www.benefita.cz\/nase-bile-tabule-budou-vhodne-do-vsech-skolicich-zarizenich\/#Article","mainEntityOfPage":"https:\/\/www.benefita.cz\/nase-bile-tabule-budou-vhodne-do-vsech-skolicich-zarizenich\/","headline":"Na\u0161e b\u00edl\u00e9 tabule budou vhodn\u00e9 do v\u0161ech \u0161kol\u00edc\u00edch za\u0159\u00edzen\u00edch","name":"Na\u0161e b\u00edl\u00e9 tabule budou vhodn\u00e9 do v\u0161ech \u0161kol\u00edc\u00edch za\u0159\u00edzen\u00edch","description":"Nejl\u00e9pe asi vyu\u017eij\u00ed na\u0161i b\u00edlou tabuli ve \u0161kolsk\u00fdch a \u0161kol\u00edc\u00edch za\u0159\u00edzen\u00edch, prost\u011b v\u0161ude tam, kde je pot\u0159eba \u017e\u00e1k\u016fm, student\u016fm nebo poslucha\u010d\u016fm n\u011bco sd\u011blovat a zapisovat na tabuli pot\u0159ebn\u00e9 \u00fadaje, aby si to mohli v\u0161ichni dob\u0159e p\u0159e\u010d\u00edst a p\u0159\u00edpadn\u011b zapsat. Jedn\u00e1 se o modern\u00ed u\u010debn\u00ed pom\u016fcku. U n\u00e1s ji m\u00e1te jedine\u010dnou p\u0159\u00edle\u017eitost z\u00edskat. Budete-li m\u00edt o &hellip;<p class=\"read-more\"> <a class=\" thunk-readmore button \" href=\"https:\/\/www.benefita.cz\/nase-bile-tabule-budou-vhodne-do-vsech-skolicich-zarizenich\/\"> <span class=\"screen-reader-text\">Na\u0161e b\u00edl\u00e9 tabule budou vhodn\u00e9 do v\u0161ech \u0161kol\u00edc\u00edch za\u0159\u00edzen\u00edch<\/span>Read More<\/a><\/p>","datePublished":"2024-12-19","dateModified":"2024-12-19","author":{"@type":"Person","@id":"https:\/\/www.benefita.cz\/author\/#Person","name":"","url":"https:\/\/www.benefita.cz\/author\/","identifier":1,"image":{"@type":"ImageObject","@id":"https:\/\/secure.gravatar.com\/avatar\/56990d361a15c60249588fcd5c65556d1c39f993ac5e20b5abce42fd817b46e8?s=96&d=mm&r=g","url":"https:\/\/secure.gravatar.com\/avatar\/56990d361a15c60249588fcd5c65556d1c39f993ac5e20b5abce42fd817b46e8?s=96&d=mm&r=g","height":96,"width":96}},"publisher":{"@type":"Organization","name":"benefita.cz","logo":{"@type":"ImageObject","@id":"\/logo.png","url":"\/logo.png","width":600,"height":60}},"url":"https:\/\/www.benefita.cz\/nase-bile-tabule-budou-vhodne-do-vsech-skolicich-zarizenich\/","wordCount":196,"articleBody":"Nejl\u00e9pe asi vyu\u017eij\u00ed na\u0161i b\u00edlou tabuli ve \u0161kolsk\u00fdch a \u0161kol\u00edc\u00edch za\u0159\u00edzen\u00edch, prost\u011b v\u0161ude tam, kde je pot\u0159eba \u017e\u00e1k\u016fm, student\u016fm nebo poslucha\u010d\u016fm n\u011bco sd\u011blovat a zapisovat na tabuli pot\u0159ebn\u00e9 \u00fadaje, aby si to mohli v\u0161ichni dob\u0159e p\u0159e\u010d\u00edst a p\u0159\u00edpadn\u011b zapsat. Jedn\u00e1 se o modern\u00ed u\u010debn\u00ed pom\u016fcku. U n\u00e1s ji m\u00e1te jedine\u010dnou p\u0159\u00edle\u017eitost z\u00edskat. Budete-li m\u00edt o n\u011b z\u00e1jem, sta\u010d\u00ed n\u00e1s oslovit.B\u00edl\u00e9 tabule pro kvalitn\u00ed v\u00fduku ve \u0161kol\u00edc\u00edch za\u0159\u00edzen\u00edch i ve \u0161kol\u00e1chJsme p\u0159esv\u011bd\u010deni, \u017ee na\u0161e b\u00edl\u00e9 tabule v\u00e1m pomohou zkvalitnit v\u00fduku nebo \u0161kolen\u00ed. V\u0161ichni budou dob\u0159e na ni vid\u011bt a mohou tak si prob\u00edran\u00e9 u\u010divo snadno a l\u00e9pe zapsat do sv\u00fdch pozn\u00e1mek. Bezesporu p\u0159isp\u011bj\u00ed k lep\u0161\u00ed kvalit\u011b v\u00fduky nebo \u0161kolen\u00ed. Bli\u017e\u0161\u00ed \u00fadaje k nim si m\u016f\u017eete p\u0159e\u010d\u00edst na na\u0161ich internetov\u00fdch str\u00e1nk\u00e1ch. T\u011b\u0161\u00edme se na va\u0161e objedn\u00e1vky.                                                                                                                                                                                                                                                                                                                                                                                        4.4\/5 - (7 votes)        "},{"@context":"https:\/\/schema.org\/","@type":"BreadcrumbList","itemListElement":[{"@type":"ListItem","position":1,"name":"Na\u0161e b\u00edl\u00e9 tabule budou vhodn\u00e9 do v\u0161ech \u0161kol\u00edc\u00edch za\u0159\u00edzen\u00edch","item":"https:\/\/www.benefita.cz\/nase-bile-tabule-budou-vhodne-do-vsech-skolicich-zarizenich\/#breadcrumbitem"}]}]