[{"@context":"https:\/\/schema.org\/","@type":"Article","@id":"https:\/\/www.benefita.cz\/na-co-nemame-to-nemame\/#Article","mainEntityOfPage":"https:\/\/www.benefita.cz\/na-co-nemame-to-nemame\/","headline":"Na co nem\u00e1me, to nem\u00e1me","name":"Na co nem\u00e1me, to nem\u00e1me","description":"Dne\u0161n\u00ed lid\u00e9 u\u017e maj\u00ed daleko v\u011bt\u0161\u00ed o\u010dek\u00e1v\u00e1n\u00ed od \u017eivota ne\u017e na\u0161i d\u00e1vn\u00ed p\u0159edkov\u00e9. A \u010d\u00edm toho chceme od \u017eivota v\u00edc, t\u00edm m\u00e9n\u011b jsme sob\u011bsta\u010dn\u00ed a t\u00edm v\u00edce jsme odk\u00e1zan\u00ed na pen\u00edze. Proto\u017ee to, co si nedok\u00e1\u017eeme sami sehnat, naj\u00edt nebo vyrobit, prost\u011b mus\u00edme od n\u011bkoho kupovat. A kdo nem\u00e1 pen\u00edze, ten si zkr\u00e1tka nenakoup\u00ed. Bez &hellip;<p class=\"read-more\"> <a class=\" thunk-readmore button \" href=\"https:\/\/www.benefita.cz\/na-co-nemame-to-nemame\/\"> <span class=\"screen-reader-text\">Na co nem\u00e1me, to nem\u00e1me<\/span>Read More<\/a><\/p>","datePublished":"2022-12-12","dateModified":"2022-12-12","author":{"@type":"Person","@id":"https:\/\/www.benefita.cz\/author\/#Person","name":"","url":"https:\/\/www.benefita.cz\/author\/","identifier":1,"image":{"@type":"ImageObject","@id":"https:\/\/secure.gravatar.com\/avatar\/56990d361a15c60249588fcd5c65556d1c39f993ac5e20b5abce42fd817b46e8?s=96&d=mm&r=g","url":"https:\/\/secure.gravatar.com\/avatar\/56990d361a15c60249588fcd5c65556d1c39f993ac5e20b5abce42fd817b46e8?s=96&d=mm&r=g","height":96,"width":96}},"publisher":{"@type":"Organization","name":"benefita.cz","logo":{"@type":"ImageObject","@id":"\/logo.png","url":"\/logo.png","width":600,"height":60}},"image":{"@type":"ImageObject","@id":"https:\/\/www.benefita.cz\/wp-content\/uploads\/12_1.jpg","url":"https:\/\/www.benefita.cz\/wp-content\/uploads\/12_1.jpg","height":0,"width":0},"url":"https:\/\/www.benefita.cz\/na-co-nemame-to-nemame\/","about":["Pen\u00edze"],"wordCount":468,"articleBody":"      Dne\u0161n\u00ed lid\u00e9 u\u017e maj\u00ed daleko v\u011bt\u0161\u00ed o\u010dek\u00e1v\u00e1n\u00ed od \u017eivota ne\u017e na\u0161i d\u00e1vn\u00ed p\u0159edkov\u00e9. A \u010d\u00edm toho chceme od \u017eivota v\u00edc, t\u00edm m\u00e9n\u011b jsme sob\u011bsta\u010dn\u00ed a t\u00edm v\u00edce jsme odk\u00e1zan\u00ed na pen\u00edze. Proto\u017ee to, co si nedok\u00e1\u017eeme sami sehnat, naj\u00edt nebo vyrobit, prost\u011b mus\u00edme od n\u011bkoho kupovat. A kdo nem\u00e1 pen\u00edze, ten si zkr\u00e1tka nenakoup\u00ed. Bez pen\u011bz nikdo nikomu ciz\u00edmu nic ned\u00e1. Proto\u017ee by bez nich tak\u00e9 od nikoho nic nedostal.A tak se zbo\u017e\u00ed a slu\u017eby sm\u011b\u0148uj\u00ed za pen\u00edze. A kdo chce usp\u011bt, ten tedy pen\u00edze pot\u0159ebuje. Mus\u00ed si je vyd\u011blat a pro p\u0159\u00edpad velk\u00fdch v\u00fddaj\u016f i na\u0161et\u0159it.Jen\u017ee ne ka\u017ed\u00fd si v\u017edycky dost vyd\u011bl\u00e1v\u00e1. A ne ka\u017ed\u00fd je na tom tak dob\u0159e, aby m\u011bl je\u0161t\u011b navrch i n\u011bjak\u00e9 ty nahromad\u011bn\u00e9 \u00faspory. A tak jsme dnes a denn\u011b sv\u011bdky toho, \u017ee n\u011bkter\u00fdm lidem jejich finan\u010dn\u00ed prost\u0159edky nesta\u010d\u00ed. A kdy\u017e tyto nesta\u010d\u00ed, pak je jasn\u00e9, \u017ee ti, kter\u00e9 to postihlo, nemohou m\u00edt v\u0161e, co by r\u00e1di m\u011bli. A n\u011bkdy se nezm\u016f\u017eou t\u0159eba ani na to, co je zcela nepostradateln\u00e9.A tak doch\u00e1z\u00ed i k situac\u00edm, kdy je t\u0159eba si pen\u00edze p\u016fj\u010dovat. Ale stejn\u011b jako nikdo ned\u00e1 ciz\u00edmu \u010dlov\u011bku bez adekv\u00e1tn\u00ed protihodnoty to, co je \u017e\u00e1d\u00e1no, plat\u00ed i to, \u017ee se neposkytuj\u00ed ani p\u016fj\u010dky t\u011bm, kte\u0159\u00ed je nebudou schopni i vracet. A z toho d\u016fvodu se na ka\u017ed\u00e9ho ze \u017eadatel\u016f o p\u016fj\u010dky kladou po\u017eadavky, je\u017e mus\u00ed b\u00fdt spln\u011bny, aby byl poskytovatel p\u016fj\u010dky uji\u0161t\u011bn v tom, \u017ee se se sv\u00fdmi financemi v po\u0159\u00e1dku shled\u00e1.Obvykle se tak vy\u017eaduje, aby m\u011bl z\u00e1jemce o p\u016fj\u010dku velk\u00e9 p\u0159\u00edjmy a \u010dist\u00e9 registry dlu\u017en\u00edk\u016f, tedy aby m\u011bl ur\u010dit\u011b z \u010deho spl\u00e1cet a nebyly tu sign\u00e1ly, \u017ee by to nemuselo b\u00fdt s takov\u00fdm spl\u00e1cen\u00edm ide\u00e1ln\u00ed.A kdy\u017e to n\u011bkdo nab\u00eddnout nem\u016f\u017ee? V tom p\u0159\u00edpad\u011b je tu pro n\u011bj n\u011bkdy u\u017e jenom nebankovn\u00ed hypot\u00e9ka https:\/\/www.hypotekybezregistru.cz\/nebankovni-hypoteka\/. A to z toho d\u016fvodu, \u017ee u n\u00ed na p\u0159\u00edjmech a registrech dlu\u017en\u00edk\u016f zase a\u017e tak nez\u00e1le\u017e\u00ed. Hlavn\u00ed je tu toti\u017e z\u00e1stava nemovitosti, j\u00ed\u017e se ru\u010d\u00ed za vr\u00e1cen\u00ed p\u016fj\u010den\u00fdch pen\u011bz. A kdo tuto nab\u00eddne, m\u00e1 zde, u nebankovn\u00ed spole\u010dnosti, po starostech.                                                                                                                                                                                                                                                                                                                                                                                          4.4\/5 - (5 votes)        "},{"@context":"https:\/\/schema.org\/","@type":"BreadcrumbList","itemListElement":[{"@type":"ListItem","position":1,"name":"Na co nem\u00e1me, to nem\u00e1me","item":"https:\/\/www.benefita.cz\/na-co-nemame-to-nemame\/#breadcrumbitem"}]}]