[{"@context":"https:\/\/schema.org\/","@type":"Article","@id":"https:\/\/www.benefita.cz\/mobil-v-nabijecce\/#Article","mainEntityOfPage":"https:\/\/www.benefita.cz\/mobil-v-nabijecce\/","headline":"Mobil v nab\u00edje\u010dce","name":"Mobil v nab\u00edje\u010dce","description":"\u017divot bez mobiln\u00edho telefonu si u\u017e v\u016fbec nedok\u00e1\u017ei p\u0159edstavit. Mobiln\u00ed telefon si beru v\u0161ude s sebou a m\u00e1m ho tak\u00e9 dokonce u postele. Ale mnoho lid\u00ed pr\u00e1v\u011b v\u016fbec nem\u00e1 r\u00e1do, kdy\u017e si\u00a0n\u011bkdo pr\u00fd bere mobiln\u00ed telefon do postele. Maj\u00ed ho t\u0159eba v lo\u017enici, televizi nebo po\u010d\u00edta\u010d \u010di notebook a tak\u00e9 mobiln\u00ed telefon. M\u011b samotn\u00e9 na &hellip;<p class=\"read-more\"> <a class=\" thunk-readmore button \" href=\"https:\/\/www.benefita.cz\/mobil-v-nabijecce\/\"> <span class=\"screen-reader-text\">Mobil v nab\u00edje\u010dce<\/span>Read More<\/a><\/p>","datePublished":"2024-09-30","dateModified":"2024-09-30","author":{"@type":"Person","@id":"https:\/\/www.benefita.cz\/author\/#Person","name":"","url":"https:\/\/www.benefita.cz\/author\/","identifier":1,"image":{"@type":"ImageObject","@id":"https:\/\/secure.gravatar.com\/avatar\/56990d361a15c60249588fcd5c65556d1c39f993ac5e20b5abce42fd817b46e8?s=96&d=mm&r=g","url":"https:\/\/secure.gravatar.com\/avatar\/56990d361a15c60249588fcd5c65556d1c39f993ac5e20b5abce42fd817b46e8?s=96&d=mm&r=g","height":96,"width":96}},"publisher":{"@type":"Organization","name":"benefita.cz","logo":{"@type":"ImageObject","@id":"\/logo.png","url":"\/logo.png","width":600,"height":60}},"image":{"@type":"ImageObject","@id":"https:\/\/www.benefita.cz\/wp-content\/uploads\/iphone-500291_960_720_6.jpg","url":"https:\/\/www.benefita.cz\/wp-content\/uploads\/iphone-500291_960_720_6.jpg","height":0,"width":0},"url":"https:\/\/www.benefita.cz\/mobil-v-nabijecce\/","about":["Mobil"],"wordCount":446,"articleBody":"\u017divot bez mobiln\u00edho telefonu si u\u017e v\u016fbec nedok\u00e1\u017ei p\u0159edstavit. Mobiln\u00ed telefon si beru v\u0161ude s sebou a m\u00e1m ho tak\u00e9 dokonce u postele. Ale mnoho lid\u00ed pr\u00e1v\u011b v\u016fbec nem\u00e1 r\u00e1do, kdy\u017e si\u00a0n\u011bkdo pr\u00fd bere mobiln\u00ed telefon do postele. Maj\u00ed ho t\u0159eba v lo\u017enici, televizi nebo po\u010d\u00edta\u010d \u010di notebook a tak\u00e9 mobiln\u00ed telefon. M\u011b samotn\u00e9 na tom v\u016fbec nic nevad\u00ed, ale odborn\u00edci \u0159\u00edkaj\u00ed, \u017ee pr\u00fd to potom ru\u0161\u00ed od sp\u00e1nku. Ale j\u00e1 jsem si \u0159ekla, \u017ee kdyby t\u0159eba nebylo mobiln\u00edho telefonu, \u017ee bych vlastn\u011b ani nevstala. J\u00e1 toti\u017e na mobiln\u00edm telefonu m\u00e1m tak\u00e9 bud\u00edk a je mi \u00fapln\u011b jedno, jestli m\u00e1m u sebe mobiln\u00ed telefon anebo ne, ale tak\u00e9 jsem sly\u0161ela, \u017ee t\u0159eba n\u011bkomu bouchnul mobil u postele. Jedna\u00a0holka ho pr\u00fd m\u011bla v nab\u00edje\u010dce a potom ten mobiln\u00ed telefon si dala pod pol\u0161t\u00e1\u0159. Bohu\u017eel mobiln\u00ed telefon bouchl. J\u00e1 osobn\u011b se to v\u016fbec nedok\u00e1\u017ei p\u0159edstavit, jak se tohle mohlo st\u00e1t? \u017de by tam byla asi vadn\u00e1 baterka, nebo n\u011bco podobn\u00e9ho? \u0158ekla jsem si, \u017ee tohle to opravdu hrozn\u00e9. A\u00a0to hlavn\u011b hrozn\u00e9 pro rodi\u010de. Sice nev\u00edm, jak tohle v\u0161echno dopadlo, ale podle m\u00e9ho n\u00e1zoru tohle muselo b\u00fdt opravdu hrozn\u00e9. Taky proto jsem si \u0159ekla, \u017ee kdy\u017e nap\u0159\u00edklad budu m\u00edt mobiln\u00ed telefon v nab\u00edje\u010dce, \u017ee rozhodn\u011b ho nebudu m\u00edt n\u011bkde u hlavy, \u017ee ho d\u00e1m t\u0159eba pod no\u010dn\u00ed stolek. J\u00e1 v\u00edm, \u017ee vy potom tak\u00e9 mohl bouchnout no\u010dn\u00ed stolek, ale tohle mi tedy v\u016fbec nevad\u00ed. \u0158ekla jsem si, \u017ee nejlep\u0161\u00ed by bylo, \u017ee kdyby m\u011bl n\u011bkdo mobiln\u00ed telefon v lo\u017enici, aby ho dal t\u0159eba n\u011bkolik metr\u016f od postele\u00a0nebo opravdu j\u00e1 nev\u00edm. \u010clov\u011bk nikdy nev\u00ed, co se m\u016f\u017ee st\u00e1t s mobiln\u00edm telefonem, t\u0159eba kdy\u017e se p\u0159eh\u0159eje a m\u00e1te ho opravdu nonstop v nab\u00edje\u010dce. Proto je nejlep\u0161\u00ed, kdy\u017e mobiln\u00ed telefon v\u016fbec nem\u00e1te p\u0159es noc v nab\u00edje\u010dce, proto\u017ee t\u0159eba kdy\u017e u\u017e je dlouho v nab\u00edje\u010dce, tak se\u00a0t\u0159eba p\u0159eh\u0159eje anebo n\u011bco podobn\u00e9ho. J\u00e1 se v tom nevyzn\u00e1m, ale kdyby se t\u0159eba n\u011bkde potkali mobiln\u00edho technika nebo n\u011bkoho podobn\u00e9ho, tak bude asi nejlep\u0161\u00ed, kdy\u017e se ho na to zept\u00e1te, proto\u017ee n\u011bjak\u00fd technik tohle bude v\u011bd\u011bt ur\u010dit\u011b l\u00e9pe ne\u017e t\u0159eba j\u00e1.\u00a0                                                                                                                                                                                                                                                                                                                                                                                        4.2\/5 - (8 votes)        "},{"@context":"https:\/\/schema.org\/","@type":"BreadcrumbList","itemListElement":[{"@type":"ListItem","position":1,"name":"Mobil v nab\u00edje\u010dce","item":"https:\/\/www.benefita.cz\/mobil-v-nabijecce\/#breadcrumbitem"}]}]