[{"@context":"https:\/\/schema.org\/","@type":"Article","@id":"https:\/\/www.benefita.cz\/kdyz-se-rodice-rozhodnou-jit-od-sebe\/#Article","mainEntityOfPage":"https:\/\/www.benefita.cz\/kdyz-se-rodice-rozhodnou-jit-od-sebe\/","headline":"Kdy\u017e se rodi\u010de rozhodnou j\u00edt od sebe","name":"Kdy\u017e se rodi\u010de rozhodnou j\u00edt od sebe","description":"Pokud se dva lid\u00e9 rozhodnou j\u00edt od sebe a maj\u00ed d\u011bti, kolikr\u00e1t je n\u011bco takov\u00e9ho mnohem slo\u017eit\u011bj\u0161\u00ed, ne\u017e kdy\u017e dva lid\u00e9 \u017e\u00e1dn\u00e9 d\u011bti nemaj\u00ed. Pro\u010d? Proto\u017ee je dost mo\u017en\u00e9, \u017ee dan\u00e9 d\u011bti n\u011bco takov\u00e9ho, jako je rozchod rodi\u010d\u016f, poznamen\u00e1. Bohu\u017eel je to tak. Pr\u00e1v\u011b z\u00a0toho d\u016fvodu se mnoho rodi\u010d\u016f rozhodne, \u017ee spolu zkus\u00ed n\u011bjak\u00fdm zp\u016fsobem &hellip;<p class=\"read-more\"> <a class=\" thunk-readmore button \" href=\"https:\/\/www.benefita.cz\/kdyz-se-rodice-rozhodnou-jit-od-sebe\/\"> <span class=\"screen-reader-text\">Kdy\u017e se rodi\u010de rozhodnou j\u00edt od sebe<\/span>Read More<\/a><\/p>","datePublished":"2023-06-30","dateModified":"2024-06-04","author":{"@type":"Person","@id":"https:\/\/www.benefita.cz\/author\/#Person","name":"","url":"https:\/\/www.benefita.cz\/author\/","identifier":1,"image":{"@type":"ImageObject","@id":"https:\/\/secure.gravatar.com\/avatar\/56990d361a15c60249588fcd5c65556d1c39f993ac5e20b5abce42fd817b46e8?s=96&d=mm&r=g","url":"https:\/\/secure.gravatar.com\/avatar\/56990d361a15c60249588fcd5c65556d1c39f993ac5e20b5abce42fd817b46e8?s=96&d=mm&r=g","height":96,"width":96}},"publisher":{"@type":"Organization","name":"benefita.cz","logo":{"@type":"ImageObject","@id":"\/logo.png","url":"\/logo.png","width":600,"height":60}},"image":{"@type":"ImageObject","@id":"https:\/\/www.benefita.cz\/wp-content\/uploads\/couple-5367555_640_1.jpg","url":"https:\/\/www.benefita.cz\/wp-content\/uploads\/couple-5367555_640_1.jpg","height":0,"width":0},"url":"https:\/\/www.benefita.cz\/kdyz-se-rodice-rozhodnou-jit-od-sebe\/","about":["Vztahy"],"wordCount":423,"articleBody":"Pokud se dva lid\u00e9 rozhodnou j\u00edt od sebe a maj\u00ed d\u011bti, kolikr\u00e1t je n\u011bco takov\u00e9ho mnohem slo\u017eit\u011bj\u0161\u00ed, ne\u017e kdy\u017e dva lid\u00e9 \u017e\u00e1dn\u00e9 d\u011bti nemaj\u00ed. Pro\u010d? Proto\u017ee je dost mo\u017en\u00e9, \u017ee dan\u00e9 d\u011bti n\u011bco takov\u00e9ho, jako je rozchod rodi\u010d\u016f, poznamen\u00e1. Bohu\u017eel je to tak. Pr\u00e1v\u011b z\u00a0toho d\u016fvodu se mnoho rodi\u010d\u016f rozhodne, \u017ee spolu zkus\u00ed n\u011bjak\u00fdm zp\u016fsobem vych\u00e1zet, a to do doby, ne\u017e bude d\u00edt\u011b star\u0161\u00ed a bude um\u011bt pochopit, pro\u010d spolu dva lid\u00e9 necht\u011bj\u00ed b\u00fdt. Kolikr\u00e1t se stane, \u017ee za tu dobu se vztah mezi rodi\u010di zlep\u0161\u00ed, tak\u017ee to na konec dopadne tak, \u017ee dva lid\u00e9 spolu z\u016fstanou, ale jsou i p\u0159\u00edpady, kdy ke zlep\u0161en\u00ed vztah\u016f nedojde a v\u00a0moment\u011b, kdy bude d\u00edt\u011b ji\u017e dostate\u010dn\u011b velk\u00e9, p\u016fjdou dva lid\u00e9 od sebe. V\u00a0dne\u0161n\u00ed dob\u011b je zcela b\u011b\u017en\u00e9, \u017ee se lid\u00e9 rozch\u00e1zej\u00ed a rozv\u00e1d\u00ed. Bohu\u017eel se to st\u00e1v\u00e1. Je mnoho d\u016fvod\u016f, pro\u010d ur\u010dit\u00e9 vztahy nemus\u00ed vydr\u017eet. Pokud se dva lid\u00e9 rozhodnou, \u017ee p\u016fjdou od sebe je\u0161t\u011b v\u00a0dob\u011b, kdy je d\u00edt\u011b zcela mal\u00e9, nen\u00ed to ve v\u00fdsledku tak hrozn\u00e9 jako v p\u0159\u00edpad\u011b, kdy se dva lid\u00e9 rozhodnou odej\u00edt v\u00a0dob\u011b, kdy d\u00edt\u011b pot\u0159ebuje oba rodi\u010de. Je pravdou, \u017ee rozchod rodi\u010d\u016f se na d\u00edt\u011bti projev\u00ed. Pro d\u00edt\u011b, kter\u00e9 nikdy nem\u011blo \u00faplnou rodinu, je mnohem slo\u017eit\u011bj\u0161\u00ed naj\u00edt si vhodn\u00e9ho partnera a to proto, \u017ee dan\u00e9 d\u00edt\u011b nem\u011blo takov\u00fd kontakt s\u00a0jedn\u00edm z\u00a0rodi\u010d\u016f tak, jak by bylo pot\u0159eba. Mnoho lid\u00ed si mysl\u00ed, \u017ee st\u0159\u00eddav\u00e1 p\u00e9\u010de zajist\u00ed to, \u017ee d\u00edt\u011b bude m\u00edt dostatek pozornosti jak od matky, tak i od otce, ale nen\u00ed tomu tak. Jsou i d\u011bti, kter\u00e9 byly vychov\u00e1v\u00e1ny pouze jednou stranou, proto\u017ee po rozchodu do\u0161lo k\u00a0tomu, \u017ee jeden z\u00a0rodi\u010d\u016f ztratil o d\u00edt\u011b z\u00e1jem. Tyhle d\u011bti to maj\u00ed v\u00a0\u017eivot\u011b je\u0161t\u011b o n\u011bco t\u011b\u017e\u0161\u00ed. Je proto pochopiteln\u00e9, \u017ee se rodi\u010de rozhodnou z\u016fstat spolu do doby, ne\u017e bude vhodn\u00e9 se rozej\u00edt. M\u016f\u017ee to b\u00fdt ale pro dan\u00e9 rodi\u010de t\u011b\u017ek\u00e9. Mnoho rodi\u010d\u016f ale n\u011bco takov\u00e9ho podstoup\u00ed a to proto, aby to v\u00a0budoucnu jejich d\u00edt\u011b nem\u011blo slo\u017eit\u00e9, co\u017e se klidn\u011b m\u016f\u017ee st\u00e1t.                                                                                                                                                                                                                                                                                                                                                                                        3.3\/5 - (6 votes)        "},{"@context":"https:\/\/schema.org\/","@type":"BreadcrumbList","itemListElement":[{"@type":"ListItem","position":1,"name":"Kdy\u017e se rodi\u010de rozhodnou j\u00edt od sebe","item":"https:\/\/www.benefita.cz\/kdyz-se-rodice-rozhodnou-jit-od-sebe\/#breadcrumbitem"}]}]