[{"@context":"https:\/\/schema.org\/","@type":"Article","@id":"https:\/\/www.benefita.cz\/cisty-bazen\/#Article","mainEntityOfPage":"https:\/\/www.benefita.cz\/cisty-bazen\/","headline":"\u010cist\u00fd baz\u00e9n","name":"\u010cist\u00fd baz\u00e9n","description":"V posledn\u00ed dob\u011b je velice popul\u00e1rn\u00ed, kdy\u017e lid\u00e9 maj\u00ed na zahrad\u011b baz\u00e9n. Pamatuji si, \u017ee v d\u0159\u00edv\u011bj\u0161\u00ed dob\u011b t\u0159eba p\u0159ed p\u011btadvaceti lety anebo p\u0159ed p\u011btat\u0159iceti lety to bylo takov\u00e9, \u017ee kdo m\u011bl na zahrad\u011b baz\u00e9n, tak tak\u00e9 pat\u0159il k t\u011bm bohat\u0161\u00edm lidem. A tak\u00e9 samoz\u0159ejm\u011b k t\u011bm \u0161\u0165astn\u011bj\u0161\u00edm. Samoz\u0159ejm\u011b, \u017ee z d\u011btsk\u00e9ho pohledu to v\u011bt\u0161inou &hellip;<p class=\"read-more\"> <a class=\" thunk-readmore button \" href=\"https:\/\/www.benefita.cz\/cisty-bazen\/\"> <span class=\"screen-reader-text\">\u010cist\u00fd baz\u00e9n<\/span>Read More<\/a><\/p>","datePublished":"2024-07-09","dateModified":"2024-07-09","author":{"@type":"Person","@id":"https:\/\/www.benefita.cz\/author\/#Person","name":"","url":"https:\/\/www.benefita.cz\/author\/","identifier":1,"image":{"@type":"ImageObject","@id":"https:\/\/secure.gravatar.com\/avatar\/56990d361a15c60249588fcd5c65556d1c39f993ac5e20b5abce42fd817b46e8?s=96&d=mm&r=g","url":"https:\/\/secure.gravatar.com\/avatar\/56990d361a15c60249588fcd5c65556d1c39f993ac5e20b5abce42fd817b46e8?s=96&d=mm&r=g","height":96,"width":96}},"publisher":{"@type":"Organization","name":"benefita.cz","logo":{"@type":"ImageObject","@id":"\/logo.png","url":"\/logo.png","width":600,"height":60}},"image":{"@type":"ImageObject","@id":"https:\/\/www.benefita.cz\/wp-content\/uploads\/drop-of-water-2256201_960_720_2.jpg","url":"https:\/\/www.benefita.cz\/wp-content\/uploads\/drop-of-water-2256201_960_720_2.jpg","height":0,"width":0},"url":"https:\/\/www.benefita.cz\/cisty-bazen\/","about":["N\u00e1kupy"],"wordCount":446,"articleBody":"   V posledn\u00ed dob\u011b je velice popul\u00e1rn\u00ed, kdy\u017e lid\u00e9 maj\u00ed na zahrad\u011b baz\u00e9n. Pamatuji si, \u017ee v d\u0159\u00edv\u011bj\u0161\u00ed dob\u011b t\u0159eba p\u0159ed p\u011btadvaceti lety anebo p\u0159ed p\u011btat\u0159iceti lety to bylo takov\u00e9, \u017ee kdo m\u011bl na zahrad\u011b baz\u00e9n, tak tak\u00e9 pat\u0159il k t\u011bm bohat\u0161\u00edm lidem. A tak\u00e9 samoz\u0159ejm\u011b k t\u011bm \u0161\u0165astn\u011bj\u0161\u00edm. Samoz\u0159ejm\u011b, \u017ee z d\u011btsk\u00e9ho pohledu to v\u011bt\u0161inou bylo k t\u011bm \u0161\u0165astn\u011bj\u0161\u00edm lidem, proto\u017ee my jsme sice bohat\u00ed nebyli, ale ani jsme nebyli chud\u00ed, ale nemohli jsme si dovolit v\u016fbec baz\u00e9n, proto\u017ee na\u0161i rodi\u010de \u0159\u00edkali, \u017ee kdy\u017e si po\u0159\u00edd\u00edme baz\u00e9n, \u017ee, tak\u00e9 potom budeme pot\u0159ebovat r\u016fzn\u00e9 baz\u00e9nov\u00e9 dopl\u0148ky, aby voda v baz\u00e9nu byla st\u00e1le \u010dist\u00e1, jako nap\u0159\u00edklad chlor nebo r\u016fzn\u00e9 osv\u011b\u017eova\u010de vody, aby voda byla st\u00e1le \u010dir\u00e1 a p\u011bkn\u00e1 a tak\u00e9 hlavn\u011b zdravotn\u011b nez\u00e1vadn\u00e1, proto\u017ee kdy\u017e m\u00e1te baz\u00e9n a m\u00e1te tam st\u00e1le zka\u017eenou a zelenou vodu, nebo takovou na\u017eloutlou, kter\u00e1 je slizk\u00e1, tak samoz\u0159ejm\u011b se potom v tomhle nebude cht\u00edt nikdo koupat. Pokud ale m\u00e1te tak\u00e9 plachty na baz\u00e9n, tak je to prima, proto\u017ee touto plachtou na baz\u00e9n v\u017edycky m\u016f\u017eete baz\u00e9n p\u0159ikr\u00fdt. A co to znamen\u00e1, kdy\u017e m\u00e1te plachtu na baz\u00e9n a m\u00e1te ji na baz\u00e9n\u011b, to znamen\u00e1, \u017ee v\u00e1m tam nebude padat list\u00ed nebo jin\u00fd nepo\u0159\u00e1dek anebo tak\u00e9 hmyz. Samoz\u0159ejm\u011b, \u017ee tam nespadne mrtv\u00fd hmyz, ale tam t\u0159eba tam m\u016f\u017ee n\u011bjak\u00fd hmyz nakl\u00e1st vaj\u00ed\u010dka a potom tam m\u00e1te nit\u011bnky nebo r\u016fzn\u00e9 larvy. Jak tohle v\u00edm?Proto\u017ee my, kdy\u017e jsme je\u0161t\u011b d\u0159\u00edve nem\u011bli \u017e\u00e1dn\u00fd chlor v baz\u00e9nu, ani jsme nem\u011bli baz\u00e9novou plachtu, tak jsme tam v\u017edycky do t\u00fddne m\u011bli n\u011bjak\u00e9 brou\u010dky anebo larvy. Bylo to opravdu nechutn\u00e9 a potom se tam nikdo necht\u011bl koupat, ani my d\u011bti. Samoz\u0159ejm\u011b, \u017ee moje sestra, kter\u00e9 bylo p\u011bt let, tak se tam koupala a bylo j\u00ed to \u00fapln\u011b jedno, \u017ee se tam koupe s n\u011bjak\u00fdma brouky anebo s r\u016fzn\u00fdma \u010dervy. Tak\u00e9 se n\u00e1m stalo, \u017ee jsme tam m\u011bli dv\u011b mrtv\u00e9 my\u0161i. Bylo to opravdu hrozn\u00e9, a tak jsem si \u0159ekla, \u017ee nejlep\u0161\u00ed bude, \u017ee si tak\u00e9 po\u0159\u00edd\u00edme na webov\u00e9 str\u00e1nce chlorito.cz baz\u00e9novou f\u00f3lii anebo tak\u00e9 baz\u00e9novou plachtu Chlorito.                                                                                                                                                                                                                                                                                                                                                                                           4.4\/5 - (5 votes)        "},{"@context":"https:\/\/schema.org\/","@type":"BreadcrumbList","itemListElement":[{"@type":"ListItem","position":1,"name":"\u010cist\u00fd baz\u00e9n","item":"https:\/\/www.benefita.cz\/cisty-bazen\/#breadcrumbitem"}]}]