{"@context":"https:\/\/schema.org\/","@type":"CollectionPage","@id":"https:\/\/www.benefita.cz\/byt\/#CollectionPage","headline":"Byt Category","description":"","url":"https:\/\/www.benefita.cz\/byt\/","hasPart":[{"@type":"Article","@id":"https:\/\/www.benefita.cz\/proc-je-nejlepsi-nechat-si-postavit-dum-od-firmy\/","headline":"Pro\u010d je nejlep\u0161\u00ed nechat si postavit d\u016fm od firmy?","url":"https:\/\/www.benefita.cz\/proc-je-nejlepsi-nechat-si-postavit-dum-od-firmy\/","datePublished":"2024-11-28","dateModified":"2024-11-28","mainEntityOfPage":"https:\/\/www.benefita.cz\/proc-je-nejlepsi-nechat-si-postavit-dum-od-firmy\/","author":{"@type":"Person","@id":"https:\/\/www.benefita.cz\/author\/#Person","name":"","url":"https:\/\/www.benefita.cz\/author\/","identifier":1,"image":{"@type":"ImageObject","@id":"https:\/\/secure.gravatar.com\/avatar\/56990d361a15c60249588fcd5c65556d1c39f993ac5e20b5abce42fd817b46e8?s=96&d=mm&r=g","url":"https:\/\/secure.gravatar.com\/avatar\/56990d361a15c60249588fcd5c65556d1c39f993ac5e20b5abce42fd817b46e8?s=96&d=mm&r=g","height":96,"width":96}},"publisher":{"@type":"Organization","name":"benefita.cz","logo":{"@type":"ImageObject","@id":"\/logo.png","url":"\/logo.png","width":600,"height":60}},"image":{"@type":"ImageObject","@id":"https:\/\/www.benefita.cz\/wp-content\/uploads\/single-family-home-1026390_640_10_6.jpg","url":"https:\/\/www.benefita.cz\/wp-content\/uploads\/single-family-home-1026390_640_10_6.jpg","height":0,"width":0},"keywords":null},{"@type":"Article","@id":"https:\/\/www.benefita.cz\/byt-a-take-dum\/","headline":"Byt a tak\u00e9 d\u016fm","url":"https:\/\/www.benefita.cz\/byt-a-take-dum\/","datePublished":"2024-09-27","dateModified":"2024-09-27","mainEntityOfPage":"https:\/\/www.benefita.cz\/byt-a-take-dum\/","author":{"@type":"Person","@id":"https:\/\/www.benefita.cz\/author\/#Person","name":"","url":"https:\/\/www.benefita.cz\/author\/","identifier":1,"image":{"@type":"ImageObject","@id":"https:\/\/secure.gravatar.com\/avatar\/56990d361a15c60249588fcd5c65556d1c39f993ac5e20b5abce42fd817b46e8?s=96&d=mm&r=g","url":"https:\/\/secure.gravatar.com\/avatar\/56990d361a15c60249588fcd5c65556d1c39f993ac5e20b5abce42fd817b46e8?s=96&d=mm&r=g","height":96,"width":96}},"publisher":{"@type":"Organization","name":"benefita.cz","logo":{"@type":"ImageObject","@id":"\/logo.png","url":"\/logo.png","width":600,"height":60}},"image":{"@type":"ImageObject","@id":"https:\/\/www.benefita.cz\/wp-content\/uploads\/interior-4226020_1280_1.jpg","url":"https:\/\/www.benefita.cz\/wp-content\/uploads\/interior-4226020_1280_1.jpg","height":0,"width":0},"keywords":null},{"@type":"Article","@id":"https:\/\/www.benefita.cz\/dum-na-klic-a-jeho-vyhody-a-nevyhody\/","headline":"D\u016fm na kl\u00ed\u010d a jeho v\u00fdhody a nev\u00fdhody.","url":"https:\/\/www.benefita.cz\/dum-na-klic-a-jeho-vyhody-a-nevyhody\/","datePublished":"2024-07-07","dateModified":"2024-07-07","mainEntityOfPage":"https:\/\/www.benefita.cz\/dum-na-klic-a-jeho-vyhody-a-nevyhody\/","author":{"@type":"Person","@id":"https:\/\/www.benefita.cz\/author\/#Person","name":"","url":"https:\/\/www.benefita.cz\/author\/","identifier":1,"image":{"@type":"ImageObject","@id":"https:\/\/secure.gravatar.com\/avatar\/56990d361a15c60249588fcd5c65556d1c39f993ac5e20b5abce42fd817b46e8?s=96&d=mm&r=g","url":"https:\/\/secure.gravatar.com\/avatar\/56990d361a15c60249588fcd5c65556d1c39f993ac5e20b5abce42fd817b46e8?s=96&d=mm&r=g","height":96,"width":96}},"publisher":{"@type":"Organization","name":"benefita.cz","logo":{"@type":"ImageObject","@id":"\/logo.png","url":"\/logo.png","width":600,"height":60}},"image":{"@type":"ImageObject","@id":"https:\/\/www.benefita.cz\/wp-content\/uploads\/house-7313645_640_2.jpg","url":"https:\/\/www.benefita.cz\/wp-content\/uploads\/house-7313645_640_2.jpg","height":0,"width":0},"keywords":null},{"@type":"Article","@id":"https:\/\/www.benefita.cz\/majitele-bytu\/","headline":"Majitel\u00e9 byt\u016f","url":"https:\/\/www.benefita.cz\/majitele-bytu\/","datePublished":"2024-04-28","dateModified":"2024-04-28","mainEntityOfPage":"https:\/\/www.benefita.cz\/majitele-bytu\/","author":{"@type":"Person","@id":"https:\/\/www.benefita.cz\/author\/#Person","name":"","url":"https:\/\/www.benefita.cz\/author\/","identifier":1,"image":{"@type":"ImageObject","@id":"https:\/\/secure.gravatar.com\/avatar\/56990d361a15c60249588fcd5c65556d1c39f993ac5e20b5abce42fd817b46e8?s=96&d=mm&r=g","url":"https:\/\/secure.gravatar.com\/avatar\/56990d361a15c60249588fcd5c65556d1c39f993ac5e20b5abce42fd817b46e8?s=96&d=mm&r=g","height":96,"width":96}},"publisher":{"@type":"Organization","name":"benefita.cz","logo":{"@type":"ImageObject","@id":"\/logo.png","url":"\/logo.png","width":600,"height":60}},"image":{"@type":"ImageObject","@id":"https:\/\/www.benefita.cz\/wp-content\/uploads\/living-room-1835923_640_10_10_2.jpg","url":"https:\/\/www.benefita.cz\/wp-content\/uploads\/living-room-1835923_640_10_10_2.jpg","height":0,"width":0},"keywords":null},{"@type":"Article","@id":"https:\/\/www.benefita.cz\/jak-si-zkraslit-svuj-byt\/","headline":"Jak si zkr\u00e1\u0161lit sv\u016fj byt.","url":"https:\/\/www.benefita.cz\/jak-si-zkraslit-svuj-byt\/","datePublished":"2023-12-31","dateModified":"2023-12-31","mainEntityOfPage":"https:\/\/www.benefita.cz\/jak-si-zkraslit-svuj-byt\/","author":{"@type":"Person","@id":"https:\/\/www.benefita.cz\/author\/#Person","name":"","url":"https:\/\/www.benefita.cz\/author\/","identifier":1,"image":{"@type":"ImageObject","@id":"https:\/\/secure.gravatar.com\/avatar\/56990d361a15c60249588fcd5c65556d1c39f993ac5e20b5abce42fd817b46e8?s=96&d=mm&r=g","url":"https:\/\/secure.gravatar.com\/avatar\/56990d361a15c60249588fcd5c65556d1c39f993ac5e20b5abce42fd817b46e8?s=96&d=mm&r=g","height":96,"width":96}},"publisher":{"@type":"Organization","name":"benefita.cz","logo":{"@type":"ImageObject","@id":"\/logo.png","url":"\/logo.png","width":600,"height":60}},"image":{"@type":"ImageObject","@id":"https:\/\/www.benefita.cz\/wp-content\/uploads\/living-room-1835923_640_9.jpg","url":"https:\/\/www.benefita.cz\/wp-content\/uploads\/living-room-1835923_640_9.jpg","height":0,"width":0},"keywords":null},{"@type":"Article","@id":"https:\/\/www.benefita.cz\/bydleni-v-byte\/","headline":"Bydlen\u00ed v byt\u011b","url":"https:\/\/www.benefita.cz\/bydleni-v-byte\/","datePublished":"2023-12-02","dateModified":"2023-12-02","mainEntityOfPage":"https:\/\/www.benefita.cz\/bydleni-v-byte\/","author":{"@type":"Person","@id":"https:\/\/www.benefita.cz\/author\/#Person","name":"","url":"https:\/\/www.benefita.cz\/author\/","identifier":1,"image":{"@type":"ImageObject","@id":"https:\/\/secure.gravatar.com\/avatar\/56990d361a15c60249588fcd5c65556d1c39f993ac5e20b5abce42fd817b46e8?s=96&d=mm&r=g","url":"https:\/\/secure.gravatar.com\/avatar\/56990d361a15c60249588fcd5c65556d1c39f993ac5e20b5abce42fd817b46e8?s=96&d=mm&r=g","height":96,"width":96}},"publisher":{"@type":"Organization","name":"benefita.cz","logo":{"@type":"ImageObject","@id":"\/logo.png","url":"\/logo.png","width":600,"height":60}},"image":{"@type":"ImageObject","@id":"https:\/\/www.benefita.cz\/wp-content\/uploads\/architecture-1868667_640.jpg","url":"https:\/\/www.benefita.cz\/wp-content\/uploads\/architecture-1868667_640.jpg","height":0,"width":0},"keywords":null}]}